{"id":168,"date":"2016-01-13T13:51:58","date_gmt":"2016-01-13T12:51:58","guid":{"rendered":"http:\/\/ostrowska.tv\/?p=168"},"modified":"2016-01-13T13:51:58","modified_gmt":"2016-01-13T12:51:58","slug":"holdikom-zarzuty-i-pytanie-o-odprawy","status":"publish","type":"post","link":"https:\/\/ostrowskatv.pl\/?p=168","title":{"rendered":"Holdikom: Zarzuty i pytanie o odprawy"},"content":{"rendered":"<p><strong>Temat &#8222;likwidacji&#8221; Holdikomu prawdopodobnie jeszcze d\u0142ugo b\u0119dzie budzi\u0107 wiele kontrowersji. W sprawie pojawia si\u0119 coraz wi\u0119cej zarzut\u00f3w i pyta\u0144. Do prezydent miasta kieruj\u0105 je ostrowscy radni.<\/strong><\/p>\n<p>Temat &#8222;likwidacji&#8221; Holdikomu i powstania w jego miejsce Centrum Rozwoju Komunalnego by\u0142 jednym z g\u0142\u00f3wnych w\u0105tk\u00f3w podczas konferencji prasowej, kt\u00f3r\u0105 zorganizowa\u0142 Klub Radnych Platformy Obywatelskiej. Jego przedstawiciele przygotowali zestawienie, w kt\u00f3rym zawarli podobie\u0144stwa i r\u00f3\u017cnice pomi\u0119dzy Holdikomem, a CRK.<\/p>\n<p>Radni zwracaj\u0105 uwag\u0119, \u017ce nowa sp\u00f3\u0142ka (podobnie jak poprzednia) b\u0119dzie holdingiem skupiaj\u0105cym 9 sp\u00f3\u0142ek miejskich o charakterze komunalnym. Jej rola ma by\u0107 w dalszym ci\u0105gu dominuj\u0105ca i polega\u0107 na zarz\u0105dzaniu i koordynowaniu sp\u00f3\u0142ek c\u00f3rek. Pozosta\u0142e zadania maj\u0105 by\u0107 w ocenie PO podobne, a nawet &#8222;nieco rozszerzone w przypadku CRK S.A.&#8221;<\/p>\n<p>Nie ma si\u0119 zmieni\u0107 siedziba sp\u00f3\u0142ki (Partyzancka 27), te same maj\u0105 by\u0107 jej aktywa i pasywa. G\u0142\u00f3wnym \u017ar\u00f3d\u0142em finansowania maj\u0105 by\u0107 w dalszym ci\u0105gu dywidendy od sp\u00f3\u0142ek komunalnych. Koszt funkcjonowania ma by\u0107 w ocenie radnych Platformy zbli\u017cony do Holdikomu. Nie zmieni\u0107 ma si\u0119 tak\u017ce liczba zatrudnionych os\u00f3b. &#8211; Realna r\u00f3\u017cnica, to r\u00f3\u017cnica w nazwie \u2013 powtarzaj\u0105 na ka\u017cdym kroku radni.<\/p>\n<p>Na koniec zwracaj\u0105 uwag\u0119 na audyt w Holdikomie, kt\u00f3ry mia\u0142 kosztowa\u0107 50 tysi\u0119cy z\u0142otych i doprowadzi\u0107 do wniosku, \u017ce &#8222;nie mo\u017cna go zlikwidowa\u0107 od tak&#8221;. Radni podkre\u015blaj\u0105, \u017ce w kampanii wyborczej m\u00f3wi\u0142 o tym by\u0142y prezydent Jaros\u0142aw Urbaniak. W ca\u0142ej sprawie pada r\u00f3wnie\u017c jedno bardzo istotne pytanie: czy &#8222;staremu&#8221; zarz\u0105dowi Holdikomu b\u0119d\u0105 nale\u017ca\u0142y si\u0119 odprawy?<\/p>\n<p>Z wszystkimi zarzutami i pytaniami ju\u017c niebawem ma zmierzy\u0107 si\u0119 Beata Klimek. Czy uda jej si\u0119 obroni\u0107 i uzasadni\u0107 powo\u0142anie nowej sp\u00f3\u0142ki? Zach\u0119camy do wyra\u017cania swoich opinii w komentarzach.<\/p>\n","protected":false},"excerpt":{"rendered":"Temat &#8222;likwidacji&#8221; Holdikomu prawdopodobnie jeszcze d\u0142ugo b\u0119dzie budzi\u0107 wiele kontrowersji. W sprawie pojawia si\u0119 coraz wi\u0119cej zarzut\u00f3w i pyta\u0144. Do prezydent miasta kieruj\u0105 \n<a class=\"moretag\" href=\"https:\/\/ostrowskatv.pl\/?p=168\"> [...]<\/a>","protected":false},"author":1,"featured_media":127,"comment_status":"open","ping_status":"open","sticky":false,"template":"","format":"standard","meta":{"footnotes":""},"categories":[1],"tags":[18],"class_list":["post-168","post","type-post","status-publish","format-standard","has-post-thumbnail","hentry","category-news","tag-holdikom"],"_links":{"self":[{"href":"https:\/\/ostrowskatv.pl\/index.php?rest_route=\/wp\/v2\/posts\/168","targetHints":{"allow":["GET"]}}],"collection":[{"href":"https:\/\/ostrowskatv.pl\/index.php?rest_route=\/wp\/v2\/posts"}],"about":[{"href":"https:\/\/ostrowskatv.pl\/index.php?rest_route=\/wp\/v2\/types\/post"}],"author":[{"embeddable":true,"href":"https:\/\/ostrowskatv.pl\/index.php?rest_route=\/wp\/v2\/users\/1"}],"replies":[{"embeddable":true,"href":"https:\/\/ostrowskatv.pl\/index.php?rest_route=%2Fwp%2Fv2%2Fcomments&post=168"}],"version-history":[{"count":0,"href":"https:\/\/ostrowskatv.pl\/index.php?rest_route=\/wp\/v2\/posts\/168\/revisions"}],"wp:featuredmedia":[{"embeddable":true,"href":"https:\/\/ostrowskatv.pl\/index.php?rest_route=\/wp\/v2\/media\/127"}],"wp:attachment":[{"href":"https:\/\/ostrowskatv.pl\/index.php?rest_route=%2Fwp%2Fv2%2Fmedia&parent=168"}],"wp:term":[{"taxonomy":"category","embeddable":true,"href":"https:\/\/ostrowskatv.pl\/index.php?rest_route=%2Fwp%2Fv2%2Fcategories&post=168"},{"taxonomy":"post_tag","embeddable":true,"href":"https:\/\/ostrowskatv.pl\/index.php?rest_route=%2Fwp%2Fv2%2Ftags&post=168"}],"curies":[{"name":"wp","href":"https:\/\/api.w.org\/{rel}","templated":true}]}}