{"id":16765,"date":"2021-10-27T10:32:11","date_gmt":"2021-10-27T09:32:11","guid":{"rendered":"https:\/\/ostrowskatv.pl\/?p=16765"},"modified":"2021-10-27T10:32:11","modified_gmt":"2021-10-27T09:32:11","slug":"jechala-po-szczepionke-na-covid-19-wjechala-na-czerwonym","status":"publish","type":"post","link":"https:\/\/ostrowskatv.pl\/?p=16765","title":{"rendered":"Jecha\u0142a po szczepionk\u0119 na COVID-19. Wjecha\u0142a na czerwonym"},"content":{"rendered":"<p><strong>Kobieta w \u015brednim wieku jad\u0105c ulic\u0105 Kordeckiego w Ostrowie Wielkopolskim wjecha\u0142a na skrzy\u017cowanie na czerwonym \u015bwietle i zderzy\u0142a z busem marki mercedes.<\/strong><\/p>\n<p>Kobieta nie potrafi\u0142a wyt\u0142umaczy\u0107 dlaczego wjecha\u0142a na czerwonym \u015bwietle. Przyzna\u0142a jednak, \u017ce jecha\u0142a przyj\u0105\u0107 szczepionk\u0119 przeciwko COVID-19. Kierowana przez ni\u0105 osob\u00f3wka obr\u00f3ci\u0142a si\u0119 i wpad\u0142a ty\u0142em w ogrodzenie pobliskiej posesji.<\/p>\n<p>Bus zjecha\u0142 na pobocze. Na pace przewozi\u0142 znicze i cz\u0119\u015b\u0107 z nich st\u0142uk\u0142a si\u0119.<\/p>\n<p><img loading=\"lazy\" decoding=\"async\" src=\"https:\/\/ostrowskatv.pl\/wp-content\/uploads\/2021\/10\/20211027_104016-01-300x166.jpeg\" alt=\"\" width=\"300\" height=\"166\" class=\"alignnone size-medium wp-image-16766\" srcset=\"https:\/\/ostrowskatv.pl\/wp-content\/uploads\/2021\/10\/20211027_104016-01-300x166.jpeg 300w, https:\/\/ostrowskatv.pl\/wp-content\/uploads\/2021\/10\/20211027_104016-01-640x354.jpeg 640w, https:\/\/ostrowskatv.pl\/wp-content\/uploads\/2021\/10\/20211027_104016-01.jpeg 1366w\" sizes=\"auto, (max-width: 300px) 100vw, 300px\" \/><\/p>\n<p><img loading=\"lazy\" decoding=\"async\" src=\"https:\/\/ostrowskatv.pl\/wp-content\/uploads\/2021\/10\/20211027_104154-01-300x209.jpeg\" alt=\"\" width=\"300\" height=\"209\" class=\"alignnone size-medium wp-image-16767\" srcset=\"https:\/\/ostrowskatv.pl\/wp-content\/uploads\/2021\/10\/20211027_104154-01-300x209.jpeg 300w, https:\/\/ostrowskatv.pl\/wp-content\/uploads\/2021\/10\/20211027_104154-01-518x360.jpeg 518w, https:\/\/ostrowskatv.pl\/wp-content\/uploads\/2021\/10\/20211027_104154-01-120x85.jpeg 120w, https:\/\/ostrowskatv.pl\/wp-content\/uploads\/2021\/10\/20211027_104154-01.jpeg 1366w\" sizes=\"auto, (max-width: 300px) 100vw, 300px\" \/><\/p>\n<p><img loading=\"lazy\" decoding=\"async\" src=\"https:\/\/ostrowskatv.pl\/wp-content\/uploads\/2021\/10\/20211027_104419-01-225x300.jpeg\" alt=\"\" width=\"225\" height=\"300\" class=\"alignnone size-medium wp-image-16768\" srcset=\"https:\/\/ostrowskatv.pl\/wp-content\/uploads\/2021\/10\/20211027_104419-01-225x300.jpeg 225w, https:\/\/ostrowskatv.pl\/wp-content\/uploads\/2021\/10\/20211027_104419-01-270x360.jpeg 270w, https:\/\/ostrowskatv.pl\/wp-content\/uploads\/2021\/10\/20211027_104419-01.jpeg 1025w\" sizes=\"auto, (max-width: 225px) 100vw, 225px\" \/><\/p>\n<p><img loading=\"lazy\" decoding=\"async\" src=\"https:\/\/ostrowskatv.pl\/wp-content\/uploads\/2021\/10\/20211027_104739-01-300x225.jpeg\" alt=\"\" width=\"300\" height=\"225\" class=\"alignnone size-medium wp-image-16769\" srcset=\"https:\/\/ostrowskatv.pl\/wp-content\/uploads\/2021\/10\/20211027_104739-01-300x225.jpeg 300w, https:\/\/ostrowskatv.pl\/wp-content\/uploads\/2021\/10\/20211027_104739-01-480x360.jpeg 480w, https:\/\/ostrowskatv.pl\/wp-content\/uploads\/2021\/10\/20211027_104739-01.jpeg 1366w\" sizes=\"auto, (max-width: 300px) 100vw, 300px\" \/><\/p>\n<p><img loading=\"lazy\" decoding=\"async\" src=\"https:\/\/ostrowskatv.pl\/wp-content\/uploads\/2021\/10\/20211027_104758-01-300x225.jpeg\" alt=\"\" width=\"300\" height=\"225\" class=\"alignnone size-medium wp-image-16770\" srcset=\"https:\/\/ostrowskatv.pl\/wp-content\/uploads\/2021\/10\/20211027_104758-01-300x225.jpeg 300w, https:\/\/ostrowskatv.pl\/wp-content\/uploads\/2021\/10\/20211027_104758-01-480x360.jpeg 480w, https:\/\/ostrowskatv.pl\/wp-content\/uploads\/2021\/10\/20211027_104758-01.jpeg 1366w\" sizes=\"auto, (max-width: 300px) 100vw, 300px\" \/><\/p>\n<p><img loading=\"lazy\" decoding=\"async\" src=\"https:\/\/ostrowskatv.pl\/wp-content\/uploads\/2021\/10\/20211027_105503-01-300x155.jpeg\" alt=\"\" width=\"300\" height=\"155\" class=\"alignnone size-medium wp-image-16771\" srcset=\"https:\/\/ostrowskatv.pl\/wp-content\/uploads\/2021\/10\/20211027_105503-01-300x155.jpeg 300w, https:\/\/ostrowskatv.pl\/wp-content\/uploads\/2021\/10\/20211027_105503-01-640x330.jpeg 640w, https:\/\/ostrowskatv.pl\/wp-content\/uploads\/2021\/10\/20211027_105503-01.jpeg 1366w\" sizes=\"auto, (max-width: 300px) 100vw, 300px\" \/><\/p>\n","protected":false},"excerpt":{"rendered":"Kobieta w \u015brednim wieku jad\u0105c ulic\u0105 Kordeckiego w Ostrowie Wielkopolskim wjecha\u0142a na skrzy\u017cowanie na czerwonym \u015bwietle i zderzy\u0142a z busem marki mercedes. Kobieta \n<a class=\"moretag\" href=\"https:\/\/ostrowskatv.pl\/?p=16765\"> [...]<\/a>","protected":false},"author":1,"featured_media":16767,"comment_status":"open","ping_status":"closed","sticky":false,"template":"","format":"standard","meta":{"footnotes":""},"categories":[1],"tags":[48],"class_list":["post-16765","post","type-post","status-publish","format-standard","has-post-thumbnail","hentry","category-news","tag-kolizja"],"_links":{"self":[{"href":"https:\/\/ostrowskatv.pl\/index.php?rest_route=\/wp\/v2\/posts\/16765","targetHints":{"allow":["GET"]}}],"collection":[{"href":"https:\/\/ostrowskatv.pl\/index.php?rest_route=\/wp\/v2\/posts"}],"about":[{"href":"https:\/\/ostrowskatv.pl\/index.php?rest_route=\/wp\/v2\/types\/post"}],"author":[{"embeddable":true,"href":"https:\/\/ostrowskatv.pl\/index.php?rest_route=\/wp\/v2\/users\/1"}],"replies":[{"embeddable":true,"href":"https:\/\/ostrowskatv.pl\/index.php?rest_route=%2Fwp%2Fv2%2Fcomments&post=16765"}],"version-history":[{"count":0,"href":"https:\/\/ostrowskatv.pl\/index.php?rest_route=\/wp\/v2\/posts\/16765\/revisions"}],"wp:featuredmedia":[{"embeddable":true,"href":"https:\/\/ostrowskatv.pl\/index.php?rest_route=\/wp\/v2\/media\/16767"}],"wp:attachment":[{"href":"https:\/\/ostrowskatv.pl\/index.php?rest_route=%2Fwp%2Fv2%2Fmedia&parent=16765"}],"wp:term":[{"taxonomy":"category","embeddable":true,"href":"https:\/\/ostrowskatv.pl\/index.php?rest_route=%2Fwp%2Fv2%2Fcategories&post=16765"},{"taxonomy":"post_tag","embeddable":true,"href":"https:\/\/ostrowskatv.pl\/index.php?rest_route=%2Fwp%2Fv2%2Ftags&post=16765"}],"curies":[{"name":"wp","href":"https:\/\/api.w.org\/{rel}","templated":true}]}}