{"id":16721,"date":"2021-10-21T11:14:52","date_gmt":"2021-10-21T10:14:52","guid":{"rendered":"https:\/\/ostrowskatv.pl\/?p=16721"},"modified":"2021-10-21T11:55:26","modified_gmt":"2021-10-21T10:55:26","slug":"radlow-bmw-zlamal-latarnie-i-wyladowal-na-dachu","status":"publish","type":"post","link":"https:\/\/ostrowskatv.pl\/?p=16721","title":{"rendered":"Rad\u0142\u00f3w &#8211; BMW z\u0142ama\u0142 latarni\u0119 i wyl\u0105dowa\u0142 na dachu"},"content":{"rendered":"<p><strong>Kolejne zdarzenie z udzia\u0142em m\u0142odego ch\u0142opaka w BMW. Tym razem 18-latek wraca\u0142 ze szko\u0142y przy ul. Kantaka. W Rad\u0142owie na ulicy Wiejskiej na ko\u0144cu manewru wyprzedzania innego auta straci\u0142 panowanie i wypad\u0142 z drogi.<\/strong><\/p>\n<p>Uderzy\u0142 w przydro\u017cny s\u0142up energetyczny z latarni\u0105 i zatrzyma\u0142 si\u0119 na dachu. Poszkodowany kierowca w stanie przytomnym trafi\u0142 pod opiek\u0119 najpierw stra\u017cak\u00f3w, a p\u00f3\u017aniej za\u0142ogi karetki pogotowia ze stacji w Raszkowie. Wst\u0119pnie uskar\u017ca\u0142 si\u0119 na b\u00f3l nogi i biodra. <\/p>\n<p>W chwili wypadni\u0119cia akumulatora licznik zatrzyma\u0142 si\u0119 na pr\u0119dko\u015bci ok. 80 km\/h.<\/p>\n<p><img loading=\"lazy\" decoding=\"async\" src=\"https:\/\/ostrowskatv.pl\/wp-content\/uploads\/2021\/10\/20211021_120458-01-300x225.jpeg\" alt=\"\" width=\"300\" height=\"225\" class=\"alignnone size-medium wp-image-16722\" srcset=\"https:\/\/ostrowskatv.pl\/wp-content\/uploads\/2021\/10\/20211021_120458-01-300x225.jpeg 300w, https:\/\/ostrowskatv.pl\/wp-content\/uploads\/2021\/10\/20211021_120458-01-480x360.jpeg 480w, https:\/\/ostrowskatv.pl\/wp-content\/uploads\/2021\/10\/20211021_120458-01.jpeg 1366w\" sizes=\"auto, (max-width: 300px) 100vw, 300px\" \/><\/p>\n<p><img loading=\"lazy\" decoding=\"async\" src=\"https:\/\/ostrowskatv.pl\/wp-content\/uploads\/2021\/10\/20211021_120241-01-300x225.jpeg\" alt=\"\" width=\"300\" height=\"225\" class=\"alignnone size-medium wp-image-16723\" srcset=\"https:\/\/ostrowskatv.pl\/wp-content\/uploads\/2021\/10\/20211021_120241-01-300x225.jpeg 300w, https:\/\/ostrowskatv.pl\/wp-content\/uploads\/2021\/10\/20211021_120241-01-480x360.jpeg 480w, https:\/\/ostrowskatv.pl\/wp-content\/uploads\/2021\/10\/20211021_120241-01.jpeg 1366w\" sizes=\"auto, (max-width: 300px) 100vw, 300px\" \/><\/p>\n<p><img loading=\"lazy\" decoding=\"async\" src=\"https:\/\/ostrowskatv.pl\/wp-content\/uploads\/2021\/10\/20211021_115649-01-300x225.jpeg\" alt=\"\" width=\"300\" height=\"225\" class=\"alignnone size-medium wp-image-16724\" srcset=\"https:\/\/ostrowskatv.pl\/wp-content\/uploads\/2021\/10\/20211021_115649-01-300x225.jpeg 300w, https:\/\/ostrowskatv.pl\/wp-content\/uploads\/2021\/10\/20211021_115649-01-480x360.jpeg 480w, https:\/\/ostrowskatv.pl\/wp-content\/uploads\/2021\/10\/20211021_115649-01.jpeg 1366w\" sizes=\"auto, (max-width: 300px) 100vw, 300px\" \/><\/p>\n<p><img loading=\"lazy\" decoding=\"async\" src=\"https:\/\/ostrowskatv.pl\/wp-content\/uploads\/2021\/10\/20211021_115730-01-300x225.jpeg\" alt=\"\" width=\"300\" height=\"225\" class=\"alignnone size-medium wp-image-16725\" srcset=\"https:\/\/ostrowskatv.pl\/wp-content\/uploads\/2021\/10\/20211021_115730-01-300x225.jpeg 300w, https:\/\/ostrowskatv.pl\/wp-content\/uploads\/2021\/10\/20211021_115730-01-480x360.jpeg 480w, https:\/\/ostrowskatv.pl\/wp-content\/uploads\/2021\/10\/20211021_115730-01.jpeg 1366w\" sizes=\"auto, (max-width: 300px) 100vw, 300px\" \/><\/p>\n<p><img loading=\"lazy\" decoding=\"async\" src=\"https:\/\/ostrowskatv.pl\/wp-content\/uploads\/2021\/10\/20211021_115754-01-300x225.jpeg\" alt=\"\" width=\"300\" height=\"225\" class=\"alignnone size-medium wp-image-16726\" srcset=\"https:\/\/ostrowskatv.pl\/wp-content\/uploads\/2021\/10\/20211021_115754-01-300x225.jpeg 300w, https:\/\/ostrowskatv.pl\/wp-content\/uploads\/2021\/10\/20211021_115754-01-480x360.jpeg 480w, https:\/\/ostrowskatv.pl\/wp-content\/uploads\/2021\/10\/20211021_115754-01.jpeg 1366w\" sizes=\"auto, (max-width: 300px) 100vw, 300px\" \/><\/p>\n<p><img loading=\"lazy\" decoding=\"async\" src=\"https:\/\/ostrowskatv.pl\/wp-content\/uploads\/2021\/10\/20211021_115837-01-300x225.jpeg\" alt=\"\" width=\"300\" height=\"225\" class=\"alignnone size-medium wp-image-16727\" srcset=\"https:\/\/ostrowskatv.pl\/wp-content\/uploads\/2021\/10\/20211021_115837-01-300x225.jpeg 300w, https:\/\/ostrowskatv.pl\/wp-content\/uploads\/2021\/10\/20211021_115837-01-480x360.jpeg 480w, https:\/\/ostrowskatv.pl\/wp-content\/uploads\/2021\/10\/20211021_115837-01.jpeg 1366w\" sizes=\"auto, (max-width: 300px) 100vw, 300px\" \/><\/p>\n<p><img loading=\"lazy\" decoding=\"async\" src=\"https:\/\/ostrowskatv.pl\/wp-content\/uploads\/2021\/10\/20211021_115845-01-300x225.jpeg\" alt=\"\" width=\"300\" height=\"225\" class=\"alignnone size-medium wp-image-16728\" srcset=\"https:\/\/ostrowskatv.pl\/wp-content\/uploads\/2021\/10\/20211021_115845-01-300x225.jpeg 300w, https:\/\/ostrowskatv.pl\/wp-content\/uploads\/2021\/10\/20211021_115845-01-480x360.jpeg 480w, https:\/\/ostrowskatv.pl\/wp-content\/uploads\/2021\/10\/20211021_115845-01.jpeg 1366w\" sizes=\"auto, (max-width: 300px) 100vw, 300px\" \/><\/p>\n<p><img loading=\"lazy\" decoding=\"async\" src=\"https:\/\/ostrowskatv.pl\/wp-content\/uploads\/2021\/10\/20211021_122339-01-225x300.jpeg\" alt=\"\" width=\"225\" height=\"300\" class=\"alignnone size-medium wp-image-16730\" srcset=\"https:\/\/ostrowskatv.pl\/wp-content\/uploads\/2021\/10\/20211021_122339-01-225x300.jpeg 225w, https:\/\/ostrowskatv.pl\/wp-content\/uploads\/2021\/10\/20211021_122339-01-270x360.jpeg 270w, https:\/\/ostrowskatv.pl\/wp-content\/uploads\/2021\/10\/20211021_122339-01.jpeg 1025w\" sizes=\"auto, (max-width: 225px) 100vw, 225px\" \/><\/p>\n<p><img loading=\"lazy\" decoding=\"async\" src=\"https:\/\/ostrowskatv.pl\/wp-content\/uploads\/2021\/10\/20211021_122212-01-300x225.jpeg\" alt=\"\" width=\"300\" height=\"225\" class=\"alignnone size-medium wp-image-16731\" srcset=\"https:\/\/ostrowskatv.pl\/wp-content\/uploads\/2021\/10\/20211021_122212-01-300x225.jpeg 300w, https:\/\/ostrowskatv.pl\/wp-content\/uploads\/2021\/10\/20211021_122212-01-480x360.jpeg 480w, https:\/\/ostrowskatv.pl\/wp-content\/uploads\/2021\/10\/20211021_122212-01.jpeg 1366w\" sizes=\"auto, (max-width: 300px) 100vw, 300px\" \/><\/p>\n<p><img loading=\"lazy\" decoding=\"async\" src=\"https:\/\/ostrowskatv.pl\/wp-content\/uploads\/2021\/10\/20211021_122933-01-225x300.jpeg\" alt=\"\" width=\"225\" height=\"300\" class=\"alignnone size-medium wp-image-16733\" srcset=\"https:\/\/ostrowskatv.pl\/wp-content\/uploads\/2021\/10\/20211021_122933-01-225x300.jpeg 225w, https:\/\/ostrowskatv.pl\/wp-content\/uploads\/2021\/10\/20211021_122933-01-270x360.jpeg 270w, https:\/\/ostrowskatv.pl\/wp-content\/uploads\/2021\/10\/20211021_122933-01.jpeg 1025w\" sizes=\"auto, (max-width: 225px) 100vw, 225px\" \/><\/p>\n<p><img loading=\"lazy\" decoding=\"async\" src=\"https:\/\/ostrowskatv.pl\/wp-content\/uploads\/2021\/10\/Radlowbmw-300x225.jpeg\" alt=\"\" width=\"300\" height=\"225\" class=\"alignnone size-medium wp-image-16736\" srcset=\"https:\/\/ostrowskatv.pl\/wp-content\/uploads\/2021\/10\/Radlowbmw-300x225.jpeg 300w, https:\/\/ostrowskatv.pl\/wp-content\/uploads\/2021\/10\/Radlowbmw-480x360.jpeg 480w, https:\/\/ostrowskatv.pl\/wp-content\/uploads\/2021\/10\/Radlowbmw.jpeg 1365w\" sizes=\"auto, (max-width: 300px) 100vw, 300px\" \/><\/p>\n","protected":false},"excerpt":{"rendered":"Kolejne zdarzenie z udzia\u0142em m\u0142odego ch\u0142opaka w BMW. Tym razem 18-latek wraca\u0142 ze szko\u0142y przy ul. Kantaka. W Rad\u0142owie na ulicy Wiejskiej na \n<a class=\"moretag\" href=\"https:\/\/ostrowskatv.pl\/?p=16721\"> [...]<\/a>","protected":false},"author":1,"featured_media":16727,"comment_status":"open","ping_status":"closed","sticky":false,"template":"","format":"standard","meta":{"footnotes":""},"categories":[1],"tags":[48],"class_list":["post-16721","post","type-post","status-publish","format-standard","has-post-thumbnail","hentry","category-news","tag-kolizja"],"_links":{"self":[{"href":"https:\/\/ostrowskatv.pl\/index.php?rest_route=\/wp\/v2\/posts\/16721","targetHints":{"allow":["GET"]}}],"collection":[{"href":"https:\/\/ostrowskatv.pl\/index.php?rest_route=\/wp\/v2\/posts"}],"about":[{"href":"https:\/\/ostrowskatv.pl\/index.php?rest_route=\/wp\/v2\/types\/post"}],"author":[{"embeddable":true,"href":"https:\/\/ostrowskatv.pl\/index.php?rest_route=\/wp\/v2\/users\/1"}],"replies":[{"embeddable":true,"href":"https:\/\/ostrowskatv.pl\/index.php?rest_route=%2Fwp%2Fv2%2Fcomments&post=16721"}],"version-history":[{"count":0,"href":"https:\/\/ostrowskatv.pl\/index.php?rest_route=\/wp\/v2\/posts\/16721\/revisions"}],"wp:featuredmedia":[{"embeddable":true,"href":"https:\/\/ostrowskatv.pl\/index.php?rest_route=\/wp\/v2\/media\/16727"}],"wp:attachment":[{"href":"https:\/\/ostrowskatv.pl\/index.php?rest_route=%2Fwp%2Fv2%2Fmedia&parent=16721"}],"wp:term":[{"taxonomy":"category","embeddable":true,"href":"https:\/\/ostrowskatv.pl\/index.php?rest_route=%2Fwp%2Fv2%2Fcategories&post=16721"},{"taxonomy":"post_tag","embeddable":true,"href":"https:\/\/ostrowskatv.pl\/index.php?rest_route=%2Fwp%2Fv2%2Ftags&post=16721"}],"curies":[{"name":"wp","href":"https:\/\/api.w.org\/{rel}","templated":true}]}}