{"id":16701,"date":"2021-10-20T18:04:26","date_gmt":"2021-10-20T17:04:26","guid":{"rendered":"https:\/\/ostrowskatv.pl\/?p=16701"},"modified":"2021-10-20T18:04:26","modified_gmt":"2021-10-20T17:04:26","slug":"przy-galerii-wjechal-w-latarnie","status":"publish","type":"post","link":"https:\/\/ostrowskatv.pl\/?p=16701","title":{"rendered":"Przy galerii wjecha\u0142 w latarni\u0119"},"content":{"rendered":"<p><strong>Oko\u0142o godziny 18.30 m\u0142ody kierowca kieruj\u0105c mazd\u0105 straci\u0142 panowanie nad autem i wjecha\u0142 w latarni\u0119. Wyszed\u0142 z kolizji bez obra\u017ce\u0144 cia\u0142a.<\/strong><\/p>\n<p>Mazda jecha\u0142a od strony galerii ulic\u0105 Ofierskiego. W miejscu gdzie rozpoczyna si\u0119 \u0142uk auto uderzy\u0142o w kraw\u0119\u017cnik. Nast\u0119pnie poci\u0105gn\u0119\u0142o auto na pobocze, a jazda zako\u0144czy\u0142a si\u0119 na latarni.<\/p>\n<p>S\u0142up zosta\u0142 przechylony o 45 stopni wzd\u0142u\u017c jezdni i chodnika. W Mazdzie wystrzeli\u0142a poduszka powietrzna. Kierowca wyszed\u0142 z auta bez \u017cadnych dolegliwo\u015bci. Sprawca kolizji sam zadzwoni\u0142 po policj\u0119.<\/p>\n<p><img loading=\"lazy\" decoding=\"async\" src=\"https:\/\/ostrowskatv.pl\/wp-content\/uploads\/2021\/10\/20211020_183659-01-300x225.jpeg\" alt=\"\" width=\"300\" height=\"225\" class=\"alignnone size-medium wp-image-16702\" srcset=\"https:\/\/ostrowskatv.pl\/wp-content\/uploads\/2021\/10\/20211020_183659-01-300x225.jpeg 300w, https:\/\/ostrowskatv.pl\/wp-content\/uploads\/2021\/10\/20211020_183659-01-480x360.jpeg 480w, https:\/\/ostrowskatv.pl\/wp-content\/uploads\/2021\/10\/20211020_183659-01.jpeg 1366w\" sizes=\"auto, (max-width: 300px) 100vw, 300px\" \/><\/p>\n<p><img loading=\"lazy\" decoding=\"async\" src=\"https:\/\/ostrowskatv.pl\/wp-content\/uploads\/2021\/10\/20211020_183715-01-225x300.jpeg\" alt=\"\" width=\"225\" height=\"300\" class=\"alignnone size-medium wp-image-16703\" srcset=\"https:\/\/ostrowskatv.pl\/wp-content\/uploads\/2021\/10\/20211020_183715-01-225x300.jpeg 225w, https:\/\/ostrowskatv.pl\/wp-content\/uploads\/2021\/10\/20211020_183715-01-270x360.jpeg 270w, https:\/\/ostrowskatv.pl\/wp-content\/uploads\/2021\/10\/20211020_183715-01.jpeg 1025w\" sizes=\"auto, (max-width: 225px) 100vw, 225px\" \/><\/p>\n<p><img loading=\"lazy\" decoding=\"async\" src=\"https:\/\/ostrowskatv.pl\/wp-content\/uploads\/2021\/10\/20211020_184737-01-300x217.jpeg\" alt=\"\" width=\"300\" height=\"217\" class=\"alignnone size-medium wp-image-16704\" srcset=\"https:\/\/ostrowskatv.pl\/wp-content\/uploads\/2021\/10\/20211020_184737-01-300x217.jpeg 300w, https:\/\/ostrowskatv.pl\/wp-content\/uploads\/2021\/10\/20211020_184737-01-497x360.jpeg 497w, https:\/\/ostrowskatv.pl\/wp-content\/uploads\/2021\/10\/20211020_184737-01.jpeg 1366w\" sizes=\"auto, (max-width: 300px) 100vw, 300px\" \/><\/p>\n","protected":false},"excerpt":{"rendered":"Oko\u0142o godziny 18.30 m\u0142ody kierowca kieruj\u0105c mazd\u0105 straci\u0142 panowanie nad autem i wjecha\u0142 w latarni\u0119. Wyszed\u0142 z kolizji bez obra\u017ce\u0144 cia\u0142a. Mazda jecha\u0142a \n<a class=\"moretag\" href=\"https:\/\/ostrowskatv.pl\/?p=16701\"> [...]<\/a>","protected":false},"author":1,"featured_media":16704,"comment_status":"open","ping_status":"closed","sticky":false,"template":"","format":"standard","meta":{"footnotes":""},"categories":[1],"tags":[48],"class_list":["post-16701","post","type-post","status-publish","format-standard","has-post-thumbnail","hentry","category-news","tag-kolizja"],"_links":{"self":[{"href":"https:\/\/ostrowskatv.pl\/index.php?rest_route=\/wp\/v2\/posts\/16701","targetHints":{"allow":["GET"]}}],"collection":[{"href":"https:\/\/ostrowskatv.pl\/index.php?rest_route=\/wp\/v2\/posts"}],"about":[{"href":"https:\/\/ostrowskatv.pl\/index.php?rest_route=\/wp\/v2\/types\/post"}],"author":[{"embeddable":true,"href":"https:\/\/ostrowskatv.pl\/index.php?rest_route=\/wp\/v2\/users\/1"}],"replies":[{"embeddable":true,"href":"https:\/\/ostrowskatv.pl\/index.php?rest_route=%2Fwp%2Fv2%2Fcomments&post=16701"}],"version-history":[{"count":0,"href":"https:\/\/ostrowskatv.pl\/index.php?rest_route=\/wp\/v2\/posts\/16701\/revisions"}],"wp:featuredmedia":[{"embeddable":true,"href":"https:\/\/ostrowskatv.pl\/index.php?rest_route=\/wp\/v2\/media\/16704"}],"wp:attachment":[{"href":"https:\/\/ostrowskatv.pl\/index.php?rest_route=%2Fwp%2Fv2%2Fmedia&parent=16701"}],"wp:term":[{"taxonomy":"category","embeddable":true,"href":"https:\/\/ostrowskatv.pl\/index.php?rest_route=%2Fwp%2Fv2%2Fcategories&post=16701"},{"taxonomy":"post_tag","embeddable":true,"href":"https:\/\/ostrowskatv.pl\/index.php?rest_route=%2Fwp%2Fv2%2Ftags&post=16701"}],"curies":[{"name":"wp","href":"https:\/\/api.w.org\/{rel}","templated":true}]}}