{"id":16697,"date":"2021-10-18T22:35:05","date_gmt":"2021-10-18T21:35:05","guid":{"rendered":"https:\/\/ostrowskatv.pl\/?p=16697"},"modified":"2021-10-18T22:35:05","modified_gmt":"2021-10-18T21:35:05","slug":"renault-wjechal-przy-galerii-w-peugeota","status":"publish","type":"post","link":"https:\/\/ostrowskatv.pl\/?p=16697","title":{"rendered":"Renault wjecha\u0142 przy galerii w peugeota"},"content":{"rendered":"<p><strong>Do mocnej kolizji dosz\u0142o ko\u0142o galerii Ostrovia oko\u0142o godziny 17:30. Na szcz\u0119\u015bcie nikt nie ucierpia\u0142 w tym zdarzeniu. <\/strong><\/p>\n<p>Obydwa pojazdy jecha\u0142y od strony Kalisza w kierunku centrum Ostrowa Wielkopolskiego. Kierowca peugeota rusza\u0142 spod sygnalizatora po za\u015bwieceniu si\u0119 zielonego koloru. Mia\u0142 pecha bowiem jad\u0105cy za nim kierowca w renault megane nie zachowa\u0142 ostro\u017cno\u015bci i uderzy\u0142 w jego ty\u0142.<\/p>\n<p><img loading=\"lazy\" decoding=\"async\" src=\"https:\/\/ostrowskatv.pl\/wp-content\/uploads\/2021\/10\/20211018_175123-02.jpeg\" alt=\"\" width=\"1366\" height=\"938\" class=\"alignnone size-full wp-image-16699\" srcset=\"https:\/\/ostrowskatv.pl\/wp-content\/uploads\/2021\/10\/20211018_175123-02.jpeg 1366w, https:\/\/ostrowskatv.pl\/wp-content\/uploads\/2021\/10\/20211018_175123-02-300x206.jpeg 300w, https:\/\/ostrowskatv.pl\/wp-content\/uploads\/2021\/10\/20211018_175123-02-524x360.jpeg 524w\" sizes=\"auto, (max-width: 1366px) 100vw, 1366px\" \/><\/p>\n","protected":false},"excerpt":{"rendered":"Do mocnej kolizji dosz\u0142o ko\u0142o galerii Ostrovia oko\u0142o godziny 17:30. Na szcz\u0119\u015bcie nikt nie ucierpia\u0142 w tym zdarzeniu. Obydwa pojazdy jecha\u0142y od strony \n<a class=\"moretag\" href=\"https:\/\/ostrowskatv.pl\/?p=16697\"> [...]<\/a>","protected":false},"author":1,"featured_media":16698,"comment_status":"open","ping_status":"closed","sticky":false,"template":"","format":"standard","meta":{"footnotes":""},"categories":[1],"tags":[48],"class_list":["post-16697","post","type-post","status-publish","format-standard","has-post-thumbnail","hentry","category-news","tag-kolizja"],"_links":{"self":[{"href":"https:\/\/ostrowskatv.pl\/index.php?rest_route=\/wp\/v2\/posts\/16697","targetHints":{"allow":["GET"]}}],"collection":[{"href":"https:\/\/ostrowskatv.pl\/index.php?rest_route=\/wp\/v2\/posts"}],"about":[{"href":"https:\/\/ostrowskatv.pl\/index.php?rest_route=\/wp\/v2\/types\/post"}],"author":[{"embeddable":true,"href":"https:\/\/ostrowskatv.pl\/index.php?rest_route=\/wp\/v2\/users\/1"}],"replies":[{"embeddable":true,"href":"https:\/\/ostrowskatv.pl\/index.php?rest_route=%2Fwp%2Fv2%2Fcomments&post=16697"}],"version-history":[{"count":0,"href":"https:\/\/ostrowskatv.pl\/index.php?rest_route=\/wp\/v2\/posts\/16697\/revisions"}],"wp:featuredmedia":[{"embeddable":true,"href":"https:\/\/ostrowskatv.pl\/index.php?rest_route=\/wp\/v2\/media\/16698"}],"wp:attachment":[{"href":"https:\/\/ostrowskatv.pl\/index.php?rest_route=%2Fwp%2Fv2%2Fmedia&parent=16697"}],"wp:term":[{"taxonomy":"category","embeddable":true,"href":"https:\/\/ostrowskatv.pl\/index.php?rest_route=%2Fwp%2Fv2%2Fcategories&post=16697"},{"taxonomy":"post_tag","embeddable":true,"href":"https:\/\/ostrowskatv.pl\/index.php?rest_route=%2Fwp%2Fv2%2Ftags&post=16697"}],"curies":[{"name":"wp","href":"https:\/\/api.w.org\/{rel}","templated":true}]}}