{"id":16677,"date":"2021-10-11T16:07:54","date_gmt":"2021-10-11T15:07:54","guid":{"rendered":"https:\/\/ostrowskatv.pl\/?p=16677"},"modified":"2021-10-11T16:07:54","modified_gmt":"2021-10-11T15:07:54","slug":"kolizja-w-czekanowie-jedna-osoba-byla-poszukiwana-do-wiezienia","status":"publish","type":"post","link":"https:\/\/ostrowskatv.pl\/?p=16677","title":{"rendered":"Kolizja w Czekanowie. Jedna osoba by\u0142a poszukiwana do wi\u0119zienia"},"content":{"rendered":"<p><strong>O sporym pechu mo\u017ce m\u00f3wi\u0107 m\u0119\u017cczyzna, kt\u00f3ry bra\u0142 udzia\u0142 w porannym zderzeniu na trasie Ostr\u00f3w Wlkp. &#8211; Kalisz. W ty\u0142 osobowego peugeota z przyczepk\u0105 uderzy\u0142 inny peugeot. Pomimo widocznych uszkodze\u0144 pojazd\u00f3w, \u017cadna z os\u00f3b nie ucierpia\u0142a. <\/strong><\/p>\n<p>Do zderzenia dosz\u0142o przed godzin\u0105 9. Dwa auta nale\u017c\u0105ce do jednej z ostrowskich firm bra\u0142y udzia\u0142 w kolizji. Kiedy na zdarzenie najecha\u0142 patrol drog\u00f3wki, zacz\u0119to sprawdza\u0107 dane uczestnik\u00f3w pojazd\u00f3w. Przy jednym z nich okaza\u0142o si\u0119, \u017ce jest potrzebny do odbycia kary pozbawienia wolno\u015bci.<\/p>\n<p><img loading=\"lazy\" decoding=\"async\" src=\"https:\/\/ostrowskatv.pl\/wp-content\/uploads\/2021\/10\/20211011_090849-01.jpeg\" alt=\"\" width=\"1366\" height=\"901\" class=\"alignnone size-full wp-image-16682\" srcset=\"https:\/\/ostrowskatv.pl\/wp-content\/uploads\/2021\/10\/20211011_090849-01.jpeg 1366w, https:\/\/ostrowskatv.pl\/wp-content\/uploads\/2021\/10\/20211011_090849-01-300x198.jpeg 300w, https:\/\/ostrowskatv.pl\/wp-content\/uploads\/2021\/10\/20211011_090849-01-546x360.jpeg 546w\" sizes=\"auto, (max-width: 1366px) 100vw, 1366px\" \/><\/p>\n<p><img loading=\"lazy\" decoding=\"async\" src=\"https:\/\/ostrowskatv.pl\/wp-content\/uploads\/2021\/10\/20211011_091112-01.jpeg\" alt=\"\" width=\"1366\" height=\"1087\" class=\"alignnone size-full wp-image-16681\" srcset=\"https:\/\/ostrowskatv.pl\/wp-content\/uploads\/2021\/10\/20211011_091112-01.jpeg 1366w, https:\/\/ostrowskatv.pl\/wp-content\/uploads\/2021\/10\/20211011_091112-01-300x239.jpeg 300w, https:\/\/ostrowskatv.pl\/wp-content\/uploads\/2021\/10\/20211011_091112-01-452x360.jpeg 452w\" sizes=\"auto, (max-width: 1366px) 100vw, 1366px\" \/><\/p>\n<p><img loading=\"lazy\" decoding=\"async\" src=\"https:\/\/ostrowskatv.pl\/wp-content\/uploads\/2021\/10\/20211011_091655-01.jpeg\" alt=\"\" width=\"1366\" height=\"782\" class=\"alignnone size-full wp-image-16680\" srcset=\"https:\/\/ostrowskatv.pl\/wp-content\/uploads\/2021\/10\/20211011_091655-01.jpeg 1366w, https:\/\/ostrowskatv.pl\/wp-content\/uploads\/2021\/10\/20211011_091655-01-300x172.jpeg 300w, https:\/\/ostrowskatv.pl\/wp-content\/uploads\/2021\/10\/20211011_091655-01-629x360.jpeg 629w\" sizes=\"auto, (max-width: 1366px) 100vw, 1366px\" \/><\/p>\n","protected":false},"excerpt":{"rendered":"O sporym pechu mo\u017ce m\u00f3wi\u0107 m\u0119\u017cczyzna, kt\u00f3ry bra\u0142 udzia\u0142 w porannym zderzeniu na trasie Ostr\u00f3w Wlkp. &#8211; Kalisz. W ty\u0142 osobowego peugeota z \n<a class=\"moretag\" href=\"https:\/\/ostrowskatv.pl\/?p=16677\"> [...]<\/a>","protected":false},"author":1,"featured_media":16681,"comment_status":"open","ping_status":"closed","sticky":false,"template":"","format":"standard","meta":{"footnotes":""},"categories":[1],"tags":[],"class_list":["post-16677","post","type-post","status-publish","format-standard","has-post-thumbnail","hentry","category-news"],"_links":{"self":[{"href":"https:\/\/ostrowskatv.pl\/index.php?rest_route=\/wp\/v2\/posts\/16677","targetHints":{"allow":["GET"]}}],"collection":[{"href":"https:\/\/ostrowskatv.pl\/index.php?rest_route=\/wp\/v2\/posts"}],"about":[{"href":"https:\/\/ostrowskatv.pl\/index.php?rest_route=\/wp\/v2\/types\/post"}],"author":[{"embeddable":true,"href":"https:\/\/ostrowskatv.pl\/index.php?rest_route=\/wp\/v2\/users\/1"}],"replies":[{"embeddable":true,"href":"https:\/\/ostrowskatv.pl\/index.php?rest_route=%2Fwp%2Fv2%2Fcomments&post=16677"}],"version-history":[{"count":0,"href":"https:\/\/ostrowskatv.pl\/index.php?rest_route=\/wp\/v2\/posts\/16677\/revisions"}],"wp:featuredmedia":[{"embeddable":true,"href":"https:\/\/ostrowskatv.pl\/index.php?rest_route=\/wp\/v2\/media\/16681"}],"wp:attachment":[{"href":"https:\/\/ostrowskatv.pl\/index.php?rest_route=%2Fwp%2Fv2%2Fmedia&parent=16677"}],"wp:term":[{"taxonomy":"category","embeddable":true,"href":"https:\/\/ostrowskatv.pl\/index.php?rest_route=%2Fwp%2Fv2%2Fcategories&post=16677"},{"taxonomy":"post_tag","embeddable":true,"href":"https:\/\/ostrowskatv.pl\/index.php?rest_route=%2Fwp%2Fv2%2Ftags&post=16677"}],"curies":[{"name":"wp","href":"https:\/\/api.w.org\/{rel}","templated":true}]}}