{"id":16666,"date":"2021-10-09T13:45:33","date_gmt":"2021-10-09T12:45:33","guid":{"rendered":"https:\/\/ostrowskatv.pl\/?p=16666"},"modified":"2021-10-09T13:45:33","modified_gmt":"2021-10-09T12:45:33","slug":"anioly-skutecznie-zreanimowaly-osobe","status":"publish","type":"post","link":"https:\/\/ostrowskatv.pl\/?p=16666","title":{"rendered":"&#8222;Anio\u0142y&#8221; skutecznie zreanimowa\u0142y osob\u0119"},"content":{"rendered":"<p><strong>W sobotnie wczesne popo\u0142udnie los u\u015bmiechn\u0105\u0142 si\u0119 do 62-letniego m\u0119\u017cczyzny. Kiedy ten zas\u0142ab\u0142 i wymaga\u0142 reanimacji, dostrzeg\u0142a to za\u0142oga karetki pogotowia, kt\u00f3ra wraca\u0142a z innej interwencji. <\/strong><\/p>\n<p>Do sytuacji dosz\u0142o w obr\u0119bie skrzy\u017cowania ulic Krotoszy\u0144skiej i Wybickiego w Ostrowie Wielkopolskim. 62-letni m\u0119\u017cczyzna osun\u0105\u0142 si\u0119. Pierwsi zauwa\u017cyli to przechodnie. Na szcz\u0119\u015bcie ju\u017c po kr\u00f3tkiej chwili najecha\u0142a na to zdarzenie za\u0142oga karetki pogotowia.<\/p>\n<p>W sk\u0142ad karetki wchodzi\u0142 do\u015bwiadczony w ratowaniu ludzkiego \u017cycia lekarz. Ju\u017c po 10 minutach uda\u0142o si\u0119 przywr\u00f3ci\u0107 czynno\u015bci \u017cyciowe u poszkodowanego. Mo\u017cna powiedzie\u0107, \u017ce personel tej karetki pojawi\u0142 si\u0119 niczym anio\u0142 str\u00f3\u017c. Nast\u0119pnie karetk\u0105 pogna\u0142a na sygna\u0142ach do ostrowskiego szpitala. Tam m\u0119\u017cczyzna zosta\u0142 przekazany personelowi Szpitalnego Oddzia\u0142u Ratunkowego.<\/p>\n<p><img loading=\"lazy\" decoding=\"async\" src=\"https:\/\/ostrowskatv.pl\/wp-content\/uploads\/2021\/10\/reanimacja.jpg\" alt=\"\" width=\"1080\" height=\"681\" class=\"alignnone size-full wp-image-16665\" srcset=\"https:\/\/ostrowskatv.pl\/wp-content\/uploads\/2021\/10\/reanimacja.jpg 1080w, https:\/\/ostrowskatv.pl\/wp-content\/uploads\/2021\/10\/reanimacja-300x189.jpg 300w, https:\/\/ostrowskatv.pl\/wp-content\/uploads\/2021\/10\/reanimacja-571x360.jpg 571w\" sizes=\"auto, (max-width: 1080px) 100vw, 1080px\" \/><\/p>\n<p><img loading=\"lazy\" decoding=\"async\" src=\"https:\/\/ostrowskatv.pl\/wp-content\/uploads\/2021\/10\/20211009_134716-01.jpeg\" alt=\"\" width=\"1366\" height=\"705\" class=\"alignnone size-full wp-image-16664\" srcset=\"https:\/\/ostrowskatv.pl\/wp-content\/uploads\/2021\/10\/20211009_134716-01.jpeg 1366w, https:\/\/ostrowskatv.pl\/wp-content\/uploads\/2021\/10\/20211009_134716-01-300x155.jpeg 300w, https:\/\/ostrowskatv.pl\/wp-content\/uploads\/2021\/10\/20211009_134716-01-640x330.jpeg 640w\" sizes=\"auto, (max-width: 1366px) 100vw, 1366px\" \/><\/p>\n<p><img loading=\"lazy\" decoding=\"async\" src=\"https:\/\/ostrowskatv.pl\/wp-content\/uploads\/2021\/10\/20211009_135209-01.jpeg\" alt=\"\" width=\"1262\" height=\"724\" class=\"alignnone size-full wp-image-16663\" srcset=\"https:\/\/ostrowskatv.pl\/wp-content\/uploads\/2021\/10\/20211009_135209-01.jpeg 1262w, https:\/\/ostrowskatv.pl\/wp-content\/uploads\/2021\/10\/20211009_135209-01-300x172.jpeg 300w, https:\/\/ostrowskatv.pl\/wp-content\/uploads\/2021\/10\/20211009_135209-01-628x360.jpeg 628w\" sizes=\"auto, (max-width: 1262px) 100vw, 1262px\" \/><\/p>\n","protected":false},"excerpt":{"rendered":"W sobotnie wczesne popo\u0142udnie los u\u015bmiechn\u0105\u0142 si\u0119 do 62-letniego m\u0119\u017cczyzny. Kiedy ten zas\u0142ab\u0142 i wymaga\u0142 reanimacji, dostrzeg\u0142a to za\u0142oga karetki pogotowia, kt\u00f3ra wraca\u0142a \n<a class=\"moretag\" href=\"https:\/\/ostrowskatv.pl\/?p=16666\"> [...]<\/a>","protected":false},"author":1,"featured_media":16665,"comment_status":"open","ping_status":"closed","sticky":false,"template":"","format":"standard","meta":{"footnotes":""},"categories":[1],"tags":[2],"class_list":["post-16666","post","type-post","status-publish","format-standard","has-post-thumbnail","hentry","category-news","tag-ostrow-wielkopolski"],"_links":{"self":[{"href":"https:\/\/ostrowskatv.pl\/index.php?rest_route=\/wp\/v2\/posts\/16666","targetHints":{"allow":["GET"]}}],"collection":[{"href":"https:\/\/ostrowskatv.pl\/index.php?rest_route=\/wp\/v2\/posts"}],"about":[{"href":"https:\/\/ostrowskatv.pl\/index.php?rest_route=\/wp\/v2\/types\/post"}],"author":[{"embeddable":true,"href":"https:\/\/ostrowskatv.pl\/index.php?rest_route=\/wp\/v2\/users\/1"}],"replies":[{"embeddable":true,"href":"https:\/\/ostrowskatv.pl\/index.php?rest_route=%2Fwp%2Fv2%2Fcomments&post=16666"}],"version-history":[{"count":0,"href":"https:\/\/ostrowskatv.pl\/index.php?rest_route=\/wp\/v2\/posts\/16666\/revisions"}],"wp:featuredmedia":[{"embeddable":true,"href":"https:\/\/ostrowskatv.pl\/index.php?rest_route=\/wp\/v2\/media\/16665"}],"wp:attachment":[{"href":"https:\/\/ostrowskatv.pl\/index.php?rest_route=%2Fwp%2Fv2%2Fmedia&parent=16666"}],"wp:term":[{"taxonomy":"category","embeddable":true,"href":"https:\/\/ostrowskatv.pl\/index.php?rest_route=%2Fwp%2Fv2%2Fcategories&post=16666"},{"taxonomy":"post_tag","embeddable":true,"href":"https:\/\/ostrowskatv.pl\/index.php?rest_route=%2Fwp%2Fv2%2Ftags&post=16666"}],"curies":[{"name":"wp","href":"https:\/\/api.w.org\/{rel}","templated":true}]}}