{"id":16656,"date":"2021-10-07T22:15:43","date_gmt":"2021-10-07T21:15:43","guid":{"rendered":"https:\/\/ostrowskatv.pl\/?p=16656"},"modified":"2021-10-07T22:15:43","modified_gmt":"2021-10-07T21:15:43","slug":"kaplan-o-uchodzcach-malzenstwach-jednoplciowych-i-eutanazji","status":"publish","type":"post","link":"https:\/\/ostrowskatv.pl\/?p=16656","title":{"rendered":"Kap\u0142an o uchod\u017acach, ma\u0142\u017ce\u0144stwach jednop\u0142ciowych i eutanazji"},"content":{"rendered":"<p><strong>W czwartek w Narodowym Sanktuarium \u015bw. J\u00f3zefa w Kaliszu odby\u0142o si\u0119 dokonanie aktu zawierzenia narodu i Ko\u015bcio\u0142a w Polsce \u015bwi\u0119temu J\u00f3zefowi. Uroczystej mszy przewodniczy\u0142 arcybiskup G\u0105decki, kt\u00f3ry w pi\u0119ciu punktach uzasadnia\u0142 ten akt. \u015awiadkami ceremonii byli ojciec Tadeusz Rydzyk oraz parlamentarzy\u015bci z Ostrowa i Kalisza.<\/strong><\/p>\n<p>Arcybiskup Stanis\u0142aw G\u0105decki, przewodnicz\u0105cy Konferencji Episkopatu Polski, wymieni\u0142 w pi\u0119ciu punktach sprawy, warto\u015bci, kt\u00f3re nale\u017cy powierzy\u0107 \u015bwi\u0119temu J\u00f3zefowi.<\/p>\n<p>Na pocz\u0105tek po\u015bwi\u0119ci\u0142 uwag\u0119 ma\u0142\u017ce\u0144stwu i rodzinie. Powodem jest rozw\u00f3j ludzko\u015bci. Po\u017cycie ma\u0142\u017ce\u0144skie potrzebne jest ze wzgl\u0119du na przyja\u017a\u0144. Nie mo\u017cna s\u0105dzi\u0107, \u017ce os\u0142abienie rodziny jako spo\u0142eczno\u015bci opartym na ma\u0142\u017ce\u0144stwie jest czym\u015b co mog\u0142oby przynie\u015b\u0107 spo\u0142ecze\u0144stwu korzy\u015bci. Jest wr\u0119cz odwrotnie. <strong>Tylko wy\u0142\u0105cznie nierozerwalne zwi\u0105zki pomi\u0119dzy kobiet\u0105, a m\u0119\u017cczyzn\u0105 realizuj\u0105 w pe\u0142ni funkcj\u0119 spo\u0142eczn\u0105, b\u0119d\u0105c zaanga\u017cowaniem stabilnym i umo\u017cliwiaj\u0105cym p\u0142odno\u015b\u0107. Zwi\u0105zk\u00f3w nieformalnych pomi\u0119dzy osobami tej samej p\u0142ci, nie mo\u017cna nigdy zr\u00f3wnywa\u0107 z ma\u0142\u017ce\u0144stwem i w og\u00f3le nazywa\u0107 ma\u0142\u017ce\u0144stwem. \u017baden zwi\u0105zek, niepewny lub zamkni\u0119ty na przekazywanie \u017cycia nie zapewnia nam przysz\u0142o\u015bci spo\u0142ecze\u0144stwa.<\/strong><\/p>\n<p>Wielu dzisiaj uwa\u017ca, \u017ce posiada lepszy pomys\u0142 na rodzin\u0119. Dzisiaj \u015bwiat sugeruje, \u017ce trzeba si\u0119 sprawdzi\u0107 przed \u015blubem. \u017be wa\u017cniejsza jest kariera ni\u017c rodzina, kt\u00f3ra przecie\u017c mo\u017ce poczeka\u0107. \u017be wa\u017cniejsza jest osobista przyjemno\u015b\u0107, ni\u017c po\u015bwi\u0119cenie si\u0119 drugiemu cz\u0142owiekowi.<\/p>\n<p>Tymczasem J\u00f3zef uczy nas innej, Bo\u017cej logiki, kt\u00f3ra przypomina nam, \u017ce mi\u0142o\u015b\u0107 to nie tylko uczucie ani kr\u00f3tka chwila, ale decyzja na ca\u0142e \u017cycie. Ma\u0142\u017ce\u0144stwo to co\u015b wi\u0119cej, jak wsp\u00f3lne zamieszkanie partner\u00f3w seksualnych. Tylko bycie bezinteresownym darem dla drugiej osoby mo\u017ce da\u0107 ka\u017cdemu poczucie spe\u0142nienia i szcz\u0119\u015bcia.<\/p>\n<p>Technologia w dziedzinie przekazywania \u017cycia ludzkiego wprowadzi\u0142a mo\u017cliwo\u015b\u0107 manipulowania aktem pocz\u0119cia czyni\u0105c go niezale\u017cnym od wsp\u00f3\u0142\u017cycia p\u0142ciowego pomi\u0119dzy m\u0119\u017cczyzn\u0105, a kobiet\u0105. W ten spos\u00f3b \u017cycie ludzkie i rodzicielstwo sta\u0142y si\u0119 czym\u015b co mo\u017cna tworzy\u0107 i niszczy\u0107. W czym\u015b w du\u017cej mierze uzale\u017cnione od \u017cyczenia od os\u00f3b lub par. Czym\u015b innym jest zrozumienie ludzkiej s\u0142abo\u015bci i z\u0142o\u017cono\u015bci \u017cycia, a czym innym akceptacja ideologii, kt\u00f3re domagaj\u0105 si\u0119 oddzielenia od siebie nieroz\u0142\u0105cznych aspekt\u00f3w rzeczywisto\u015bci.<\/p>\n<p>Z niepokojem przygl\u0105damy si\u0119 na przybieraj\u0105ce na sile ataki na nienarodzonych oraz tych w sile wieku zmagaj\u0105cych si\u0119 z nieuleczalnymi chorobami. Wi\u0119kszo\u015b\u0107 ludzi opiekuje si\u0119 starszymi osobami.<\/p>\n<p>W pa\u0144stwach nowoczesnych takie osoby mog\u0105 by\u0107 postrzegane jako ci\u0119\u017car. <strong>Eutanazja i wspomagane samob\u00f3jstwo stanowi\u0105 realne zagro\u017cenie wobec rodzin. Ko\u015bci\u00f3\u0142 stanowczo sprzeciwia si\u0119 takim praktykom i czuje si\u0119 zobowi\u0105zany pomaga\u0107 rodzinom, kt\u00f3re troszcz\u0105 si\u0119 o starszych i chorych cz\u0142onk\u00f3w.<\/strong><\/p>\n<p>J\u00f3zef patronem czas\u00f3w kryzysu &#8211; w Polsce \u017cyjemy w czasach kryzysu. Nie ma spoiwa \u0142\u0105cz\u0105cego Polak\u00f3w bez wzgl\u0119du na pogl\u0105dy czy wiar\u0119. Nie ma rzetelnej, pozbawionej uwik\u0142a\u0144 partyjnej zale\u017cno\u015bci i kontroli. Zabrak\u0142o jednocz\u0105cej si\u0142y sprawczej. <strong>Nasze pa\u0144stwo to arena nieustannych igrzysk, zwalczaj\u0105cych si\u0119 partii<\/strong>. Ko\u015bci\u00f3\u0142 wie, \u017ce powstaj\u0105 konflikty interes\u00f3w pomi\u0119dzy r\u00f3\u017cnymi grupami interes\u00f3w.<\/p>\n<p><strong>Do starych konflikt\u00f3w doszed\u0142 nowy na granicy polsko-bia\u0142oruskiej. Imigranci stali si\u0119 instrumentem w polityce. Apeluj\u0119 o zgod\u0119 na uruchomienie korytarzy humanitarnych, kt\u00f3re m\u00f3g\u0142by realizowa\u0107 Caritas Polska. Ten sprawdzony mechanizm w innych pa\u0144stwach pozwala w spos\u00f3b kontrolowany nie\u015b\u0107 konkretn\u0105 pomoc. Podobnie jest rozwi\u0105zanie kontrolowanej relokacji uchod\u017ac\u00f3w, kt\u00f3ra by\u0142aby oparta na w\u0142asnej decyzji o wyborze pa\u0144stwa docelowego jest bezpieczna form\u0105 niesienia ratunku braciom i siostrom. Kontrolowana emigracja daj\u0105 poczucie bezpiecze\u0144stwa w odr\u00f3\u017cnieniu od chaosu towarzysz\u0105cemu przemytu ludzi organizowanego przez gangi. Uchod\u017ac\u00f3w \u0142udzi si\u0119, \u017ce dostan\u0105 si\u0119 do wymarzonego raju w Europie. Do wszystkich ludzi dobrej woli apeluj\u0119, \u017ceby\u015bmy pomoc cudzoziemcom potraktowali jako szans\u0119 na praktykowanie mi\u0142o\u015bci bli\u017aniego. To jest kamieniem w\u0119gielnym naszej wiary. &#8211; powiedzia\u0142 abp Stanis\u0142aw G\u0105decki.<\/strong><\/p>\n<p>W\u015br\u00f3d go\u015bci obecni byli minister Marlena Mal\u0105g, prezydencki minister Andrzej Dera, a tak\u017ce Tomasz \u0141awniczak, Jan Dziedziczak, Jan Mosi\u0144ski, Piotr Kaleta, Krzysztof Grabowski (PSL) oraz wojewoda wielkopolski Micha\u0142 Zieli\u0144ski. Byli r\u00f3wnie\u017c starosta kaliski oraz wiceprezydent Kalisza. Tym razem zabrak\u0142o prezydent Ostrowa Wlkp. Beaty Klimek.<\/p>\n<p><img loading=\"lazy\" decoding=\"async\" class=\"alignnone size-full wp-image-16655\" src=\"https:\/\/ostrowskatv.pl\/wp-content\/uploads\/2021\/10\/20211007_193910-01.jpeg\" alt=\"\" width=\"1366\" height=\"1025\" srcset=\"https:\/\/ostrowskatv.pl\/wp-content\/uploads\/2021\/10\/20211007_193910-01.jpeg 1366w, https:\/\/ostrowskatv.pl\/wp-content\/uploads\/2021\/10\/20211007_193910-01-300x225.jpeg 300w, https:\/\/ostrowskatv.pl\/wp-content\/uploads\/2021\/10\/20211007_193910-01-480x360.jpeg 480w\" sizes=\"auto, (max-width: 1366px) 100vw, 1366px\" \/> <\/p>\n<p><img loading=\"lazy\" decoding=\"async\" class=\"alignnone size-full wp-image-16654\" src=\"https:\/\/ostrowskatv.pl\/wp-content\/uploads\/2021\/10\/20211007_193902-01.jpeg\" alt=\"\" width=\"1366\" height=\"1025\" srcset=\"https:\/\/ostrowskatv.pl\/wp-content\/uploads\/2021\/10\/20211007_193902-01.jpeg 1366w, https:\/\/ostrowskatv.pl\/wp-content\/uploads\/2021\/10\/20211007_193902-01-300x225.jpeg 300w, https:\/\/ostrowskatv.pl\/wp-content\/uploads\/2021\/10\/20211007_193902-01-480x360.jpeg 480w\" sizes=\"auto, (max-width: 1366px) 100vw, 1366px\" \/> <\/p>\n<p><img loading=\"lazy\" decoding=\"async\" class=\"alignnone size-full wp-image-16652\" src=\"https:\/\/ostrowskatv.pl\/wp-content\/uploads\/2021\/10\/20211007_190155-01.jpeg\" alt=\"\" width=\"1366\" height=\"956\" srcset=\"https:\/\/ostrowskatv.pl\/wp-content\/uploads\/2021\/10\/20211007_190155-01.jpeg 1366w, https:\/\/ostrowskatv.pl\/wp-content\/uploads\/2021\/10\/20211007_190155-01-300x210.jpeg 300w, https:\/\/ostrowskatv.pl\/wp-content\/uploads\/2021\/10\/20211007_190155-01-514x360.jpeg 514w, https:\/\/ostrowskatv.pl\/wp-content\/uploads\/2021\/10\/20211007_190155-01-120x85.jpeg 120w\" sizes=\"auto, (max-width: 1366px) 100vw, 1366px\" \/> <\/p>\n<p><img loading=\"lazy\" decoding=\"async\" class=\"alignnone size-full wp-image-16653\" src=\"https:\/\/ostrowskatv.pl\/wp-content\/uploads\/2021\/10\/20211007_192325-01.jpeg\" alt=\"\" width=\"1366\" height=\"952\" srcset=\"https:\/\/ostrowskatv.pl\/wp-content\/uploads\/2021\/10\/20211007_192325-01.jpeg 1366w, https:\/\/ostrowskatv.pl\/wp-content\/uploads\/2021\/10\/20211007_192325-01-300x209.jpeg 300w, https:\/\/ostrowskatv.pl\/wp-content\/uploads\/2021\/10\/20211007_192325-01-517x360.jpeg 517w, https:\/\/ostrowskatv.pl\/wp-content\/uploads\/2021\/10\/20211007_192325-01-120x85.jpeg 120w\" sizes=\"auto, (max-width: 1366px) 100vw, 1366px\" \/> <\/p>\n<p><img loading=\"lazy\" decoding=\"async\" class=\"alignnone size-full wp-image-16651\" src=\"https:\/\/ostrowskatv.pl\/wp-content\/uploads\/2021\/10\/20211007_190152-01.jpeg\" alt=\"\" width=\"1366\" height=\"1025\" srcset=\"https:\/\/ostrowskatv.pl\/wp-content\/uploads\/2021\/10\/20211007_190152-01.jpeg 1366w, https:\/\/ostrowskatv.pl\/wp-content\/uploads\/2021\/10\/20211007_190152-01-300x225.jpeg 300w, https:\/\/ostrowskatv.pl\/wp-content\/uploads\/2021\/10\/20211007_190152-01-480x360.jpeg 480w\" sizes=\"auto, (max-width: 1366px) 100vw, 1366px\" \/> <\/p>\n<p><img loading=\"lazy\" decoding=\"async\" class=\"alignnone size-full wp-image-16650\" src=\"https:\/\/ostrowskatv.pl\/wp-content\/uploads\/2021\/10\/20211007_190145-01.jpeg\" alt=\"\" width=\"1366\" height=\"810\" srcset=\"https:\/\/ostrowskatv.pl\/wp-content\/uploads\/2021\/10\/20211007_190145-01.jpeg 1366w, https:\/\/ostrowskatv.pl\/wp-content\/uploads\/2021\/10\/20211007_190145-01-300x178.jpeg 300w, https:\/\/ostrowskatv.pl\/wp-content\/uploads\/2021\/10\/20211007_190145-01-607x360.jpeg 607w\" sizes=\"auto, (max-width: 1366px) 100vw, 1366px\" \/> <\/p>\n<p><img loading=\"lazy\" decoding=\"async\" class=\"alignnone size-full wp-image-16649\" src=\"https:\/\/ostrowskatv.pl\/wp-content\/uploads\/2021\/10\/20211007_190141-01.jpeg\" alt=\"\" width=\"1366\" height=\"821\" srcset=\"https:\/\/ostrowskatv.pl\/wp-content\/uploads\/2021\/10\/20211007_190141-01.jpeg 1366w, https:\/\/ostrowskatv.pl\/wp-content\/uploads\/2021\/10\/20211007_190141-01-300x180.jpeg 300w, https:\/\/ostrowskatv.pl\/wp-content\/uploads\/2021\/10\/20211007_190141-01-599x360.jpeg 599w\" sizes=\"auto, (max-width: 1366px) 100vw, 1366px\" \/> <\/p>\n<p><img loading=\"lazy\" decoding=\"async\" class=\"alignnone size-full wp-image-16648\" src=\"https:\/\/ostrowskatv.pl\/wp-content\/uploads\/2021\/10\/20211007_184441-01.jpeg\" alt=\"\" width=\"1366\" height=\"1025\" srcset=\"https:\/\/ostrowskatv.pl\/wp-content\/uploads\/2021\/10\/20211007_184441-01.jpeg 1366w, https:\/\/ostrowskatv.pl\/wp-content\/uploads\/2021\/10\/20211007_184441-01-300x225.jpeg 300w, https:\/\/ostrowskatv.pl\/wp-content\/uploads\/2021\/10\/20211007_184441-01-480x360.jpeg 480w\" sizes=\"auto, (max-width: 1366px) 100vw, 1366px\" \/> <\/p>\n<p><img loading=\"lazy\" decoding=\"async\" class=\"alignnone size-full wp-image-16647\" src=\"https:\/\/ostrowskatv.pl\/wp-content\/uploads\/2021\/10\/20211007_181352-01.jpeg\" alt=\"\" width=\"1366\" height=\"1025\" srcset=\"https:\/\/ostrowskatv.pl\/wp-content\/uploads\/2021\/10\/20211007_181352-01.jpeg 1366w, https:\/\/ostrowskatv.pl\/wp-content\/uploads\/2021\/10\/20211007_181352-01-300x225.jpeg 300w, https:\/\/ostrowskatv.pl\/wp-content\/uploads\/2021\/10\/20211007_181352-01-480x360.jpeg 480w\" sizes=\"auto, (max-width: 1366px) 100vw, 1366px\" \/><\/p>\n","protected":false},"excerpt":{"rendered":"W czwartek w Narodowym Sanktuarium \u015bw. J\u00f3zefa w Kaliszu odby\u0142o si\u0119 dokonanie aktu zawierzenia narodu i Ko\u015bcio\u0142a w Polsce \u015bwi\u0119temu J\u00f3zefowi. Uroczystej mszy \n<a class=\"moretag\" href=\"https:\/\/ostrowskatv.pl\/?p=16656\"> [...]<\/a>","protected":false},"author":1,"featured_media":16653,"comment_status":"open","ping_status":"closed","sticky":false,"template":"","format":"standard","meta":{"footnotes":""},"categories":[1],"tags":[207],"class_list":["post-16656","post","type-post","status-publish","format-standard","has-post-thumbnail","hentry","category-news","tag-religia"],"_links":{"self":[{"href":"https:\/\/ostrowskatv.pl\/index.php?rest_route=\/wp\/v2\/posts\/16656","targetHints":{"allow":["GET"]}}],"collection":[{"href":"https:\/\/ostrowskatv.pl\/index.php?rest_route=\/wp\/v2\/posts"}],"about":[{"href":"https:\/\/ostrowskatv.pl\/index.php?rest_route=\/wp\/v2\/types\/post"}],"author":[{"embeddable":true,"href":"https:\/\/ostrowskatv.pl\/index.php?rest_route=\/wp\/v2\/users\/1"}],"replies":[{"embeddable":true,"href":"https:\/\/ostrowskatv.pl\/index.php?rest_route=%2Fwp%2Fv2%2Fcomments&post=16656"}],"version-history":[{"count":0,"href":"https:\/\/ostrowskatv.pl\/index.php?rest_route=\/wp\/v2\/posts\/16656\/revisions"}],"wp:featuredmedia":[{"embeddable":true,"href":"https:\/\/ostrowskatv.pl\/index.php?rest_route=\/wp\/v2\/media\/16653"}],"wp:attachment":[{"href":"https:\/\/ostrowskatv.pl\/index.php?rest_route=%2Fwp%2Fv2%2Fmedia&parent=16656"}],"wp:term":[{"taxonomy":"category","embeddable":true,"href":"https:\/\/ostrowskatv.pl\/index.php?rest_route=%2Fwp%2Fv2%2Fcategories&post=16656"},{"taxonomy":"post_tag","embeddable":true,"href":"https:\/\/ostrowskatv.pl\/index.php?rest_route=%2Fwp%2Fv2%2Ftags&post=16656"}],"curies":[{"name":"wp","href":"https:\/\/api.w.org\/{rel}","templated":true}]}}