{"id":1664,"date":"2016-06-15T13:27:05","date_gmt":"2016-06-15T12:27:05","guid":{"rendered":"http:\/\/ostrowska.tv\/?p=1664"},"modified":"2016-06-15T13:27:05","modified_gmt":"2016-06-15T12:27:05","slug":"fatalny-stan-lawek-w-ostrowie-co-na-to-miasto","status":"publish","type":"post","link":"https:\/\/ostrowskatv.pl\/?p=1664","title":{"rendered":"Fatalny stan \u0142awek w Ostrowie. Co na to miasto?"},"content":{"rendered":"<p><strong> W Ostrowie Wielkopolskim nie brakuje \u0142awek, kt\u00f3rych stan mo\u017cna okre\u015bli\u0107 jako fatalny. Mieszka\u0144cy zwracaj\u0105 uwag\u0119, \u017ce znajduj\u0105 si\u0119 one mi\u0119dzy innymi na Piaskach czy w okolicach lokali nale\u017c\u0105cych do MZGM. Co w tej sprawie zamierzaj\u0105 zrobi\u0107 w\u0142adze miasta i sp\u00f3\u0142ki?<\/strong><\/p>\n<p>Stan \u0142awek na ostrowskich Piaskach nie jest najlepszy, mimo \u017ce w\u0142adze miasta zdecydowa\u0142y si\u0119 zlokalizowa\u0107 tam stref\u0119 kibica na Euro 2016. W tej sytuacji a\u017c prosi\u0142o si\u0119 o naprawienie tej sytuacji.<\/p>\n<blockquote><p>&#8211; \u0141awki na terenie ostrowskich Piask\u00f3w wymagaj\u0105 jedynie odmalowania. Trudno si\u0119 zatem zgodzi\u0107 ze stwierdzeniem o ich fatalnym stanie. Najbardziej szkodliwymi czynnikami na pomalowan\u0105 pow\u0142ok\u0119 \u0142awek s\u0105: s\u0142o\u0144ce i promieniowanie UV, woda i wilgo\u0107 oraz zmiany temperatury. \u0141awki na terenie kompleksu s\u0105 wystawione na te czynniki, st\u0105d potrzeba na ich coroczne malowanie. Tak samo dzieje si\u0119 w tym roku. Przed sezonem MZZ sukcesywnie wykonuje odnowienia i ewentualne naprawy \u0142awek &#8211; t\u0142umaczy nam Artur Ko\u0142aci\u0144ski z Biura Prasowego w Ostrowie Wielkopolskim.<\/p><\/blockquote>\n<div id='gallery-1' class='gallery galleryid-1664 gallery-columns-3 gallery-size-thumbnail'><figure class='gallery-item'>\n\t\t\t<div class='gallery-icon landscape'>\n\t\t\t\t<a href='https:\/\/ostrowskatv.pl\/?attachment_id=1665'><img loading=\"lazy\" decoding=\"async\" width=\"150\" height=\"150\" src=\"https:\/\/ostrowskatv.pl\/wp-content\/uploads\/2016\/06\/lawki-piaski-150x150.jpg\" class=\"attachment-thumbnail size-thumbnail\" alt=\"\" \/><\/a>\n\t\t\t<\/div><\/figure><figure class='gallery-item'>\n\t\t\t<div class='gallery-icon landscape'>\n\t\t\t\t<a href='https:\/\/ostrowskatv.pl\/?attachment_id=1666'><img loading=\"lazy\" decoding=\"async\" width=\"150\" height=\"150\" src=\"https:\/\/ostrowskatv.pl\/wp-content\/uploads\/2016\/06\/lawki-piaski2-150x150.jpg\" class=\"attachment-thumbnail size-thumbnail\" alt=\"\" \/><\/a>\n\t\t\t<\/div><\/figure>\n\t\t<\/div>\n\n<p>Fatalny stan \u0142awek trudno kwestionowa\u0107 natomiast w przypadku okolic, gdzie znajduj\u0105 si\u0119 lokale nale\u017c\u0105ce do MZGM. Z niekt\u00f3rych wystaj\u0105 gwo\u017adzie, co stanowi dodatkowo zagro\u017cenie dla os\u00f3b starszych i dzieci. Najlepiej wida\u0107 to na wykonanych przez nas zdj\u0119ciach. Taka sytuacja ma miejsce mi\u0119dzy innymi w przypadku nieruchomo\u015bci przy ulicy Klasztornej. Co w tej sprawie zamierza zrobi\u0107 MZGM?<\/p>\n<div id='gallery-2' class='gallery galleryid-1664 gallery-columns-3 gallery-size-thumbnail'><figure class='gallery-item'>\n\t\t\t<div class='gallery-icon portrait'>\n\t\t\t\t<a href='https:\/\/ostrowskatv.pl\/?attachment_id=1669'><img loading=\"lazy\" decoding=\"async\" width=\"150\" height=\"150\" src=\"https:\/\/ostrowskatv.pl\/wp-content\/uploads\/2016\/06\/lawka-klasztorna-7aa-150x150.jpg\" class=\"attachment-thumbnail size-thumbnail\" alt=\"\" \/><\/a>\n\t\t\t<\/div><\/figure><figure class='gallery-item'>\n\t\t\t<div class='gallery-icon landscape'>\n\t\t\t\t<a href='https:\/\/ostrowskatv.pl\/?attachment_id=1668'><img loading=\"lazy\" decoding=\"async\" width=\"150\" height=\"150\" src=\"https:\/\/ostrowskatv.pl\/wp-content\/uploads\/2016\/06\/plac-zabaw-klasztorna-150x150.jpg\" class=\"attachment-thumbnail size-thumbnail\" alt=\"\" \/><\/a>\n\t\t\t<\/div><\/figure><figure class='gallery-item'>\n\t\t\t<div class='gallery-icon landscape'>\n\t\t\t\t<a href='https:\/\/ostrowskatv.pl\/?attachment_id=1667'><img loading=\"lazy\" decoding=\"async\" width=\"150\" height=\"150\" src=\"https:\/\/ostrowskatv.pl\/wp-content\/uploads\/2016\/06\/lawka-klasztorna-7a-150x150.jpg\" class=\"attachment-thumbnail size-thumbnail\" alt=\"\" \/><\/a>\n\t\t\t<\/div><\/figure>\n\t\t<\/div>\n\n<p>&#8211; Dora\u017ane naprawy ewentualnych uszkodze\u0144, brak\u00f3w w zamontowanych \u0142awkach s\u0105 realizowane sukcesywnie na podstawie zg\u0142osze\u0144 administrator\u00f3w, dozorc\u00f3w nieruchomo\u015bci oraz mieszka\u0144c\u00f3w, natomiast w przypadku \u0142awek zamontowanych w bezpo\u015brednim s\u0105siedztwie budynk\u00f3w sp\u00f3\u0142ki, lecz usytuowanych na terenach niezarz\u0105dzanych przez MZGM informacja o potrzebie dokonania naprawy niezw\u0142ocznie przekazywane jest do zarz\u0105dcy\/w\u0142a\u015bciciela nieruchomo\u015bci. W przypadku nieruchomo\u015bci przy ulicy Klasztornej 7A naprawa \u0142awek przy budynku jest przyj\u0119ta do realizacji &#8211; zako\u0144czenie w terminie do dnia 20 czerwca br &#8211; informuj\u0105 nas przedstawiciele MZGM.<\/p>\n<p>To pokazuje, \u017ce zatrudnianie tak wymy\u015blnych os\u00f3b jak plastyk miejski czy in\u017cynier miasta w \u017caden spos\u00f3b nie przek\u0142ada si\u0119 na jego estetyk\u0119. Przynajmniej narazie. Nikt z MZGM-u sam z siebie nie dokonuje przegl\u0105du stanu technicznego, a sp\u00f3\u0142ka liczy na informacje od mieszka\u0144c\u00f3w. Powy\u017csze \u0142awki, z wystaj\u0105cymi gwo\u017adziami to nie jest co\u015b co si\u0119 wydarzy\u0142o miesi\u0105c temu, a co najmniej rok temu.<\/p>\n<p>Innym dowodem na brak zainteresowania sp\u00f3\u0142ki MZGM na infrastruktur\u0119 wok\u00f3\u0142 lokali jest ta piaskownica, znajduj\u0105ca si\u0119 w podw\u00f3rzu bloku przy ul. Wroc\u0142awskiej 5. Od tamtego roku kto\u015b chocia\u017c wyci\u0105gn\u0105\u0142 z niej wystaj\u0105ce gwo\u017adzie.<\/p>\n<div id='gallery-3' class='gallery galleryid-1664 gallery-columns-3 gallery-size-thumbnail'><figure class='gallery-item'>\n\t\t\t<div class='gallery-icon portrait'>\n\t\t\t\t<a href='https:\/\/ostrowskatv.pl\/?attachment_id=1671'><img loading=\"lazy\" decoding=\"async\" width=\"150\" height=\"150\" src=\"https:\/\/ostrowskatv.pl\/wp-content\/uploads\/2016\/06\/piaskownica-wroclawska-5-1-150x150.jpg\" class=\"attachment-thumbnail size-thumbnail\" alt=\"\" \/><\/a>\n\t\t\t<\/div><\/figure><figure class='gallery-item'>\n\t\t\t<div class='gallery-icon landscape'>\n\t\t\t\t<a href='https:\/\/ostrowskatv.pl\/?attachment_id=1672'><img loading=\"lazy\" decoding=\"async\" width=\"150\" height=\"150\" src=\"https:\/\/ostrowskatv.pl\/wp-content\/uploads\/2016\/06\/piaskownica-wroclawska-5b-150x150.jpg\" class=\"attachment-thumbnail size-thumbnail\" alt=\"\" \/><\/a>\n\t\t\t<\/div><\/figure>\n\t\t<\/div>\n\n<p>Czy problem z \u0142awkami jest tak\u017ce w Pa\u0144stwa okolicy? <strong>Je<\/strong><strong>\u015bli tak, to zach<\/strong><strong>\u0119camy do dyskusji w komentarzach<\/strong>.<\/p>\n","protected":false},"excerpt":{"rendered":"W Ostrowie Wielkopolskim nie brakuje \u0142awek, kt\u00f3rych stan mo\u017cna okre\u015bli\u0107 jako fatalny. Mieszka\u0144cy zwracaj\u0105 uwag\u0119, \u017ce znajduj\u0105 si\u0119 one mi\u0119dzy innymi na Piaskach \n<a class=\"moretag\" href=\"https:\/\/ostrowskatv.pl\/?p=1664\"> [...]<\/a>","protected":false},"author":1,"featured_media":1667,"comment_status":"open","ping_status":"open","sticky":false,"template":"","format":"standard","meta":{"footnotes":""},"categories":[1],"tags":[2],"class_list":["post-1664","post","type-post","status-publish","format-standard","has-post-thumbnail","hentry","category-news","tag-ostrow-wielkopolski"],"_links":{"self":[{"href":"https:\/\/ostrowskatv.pl\/index.php?rest_route=\/wp\/v2\/posts\/1664","targetHints":{"allow":["GET"]}}],"collection":[{"href":"https:\/\/ostrowskatv.pl\/index.php?rest_route=\/wp\/v2\/posts"}],"about":[{"href":"https:\/\/ostrowskatv.pl\/index.php?rest_route=\/wp\/v2\/types\/post"}],"author":[{"embeddable":true,"href":"https:\/\/ostrowskatv.pl\/index.php?rest_route=\/wp\/v2\/users\/1"}],"replies":[{"embeddable":true,"href":"https:\/\/ostrowskatv.pl\/index.php?rest_route=%2Fwp%2Fv2%2Fcomments&post=1664"}],"version-history":[{"count":0,"href":"https:\/\/ostrowskatv.pl\/index.php?rest_route=\/wp\/v2\/posts\/1664\/revisions"}],"wp:featuredmedia":[{"embeddable":true,"href":"https:\/\/ostrowskatv.pl\/index.php?rest_route=\/wp\/v2\/media\/1667"}],"wp:attachment":[{"href":"https:\/\/ostrowskatv.pl\/index.php?rest_route=%2Fwp%2Fv2%2Fmedia&parent=1664"}],"wp:term":[{"taxonomy":"category","embeddable":true,"href":"https:\/\/ostrowskatv.pl\/index.php?rest_route=%2Fwp%2Fv2%2Fcategories&post=1664"},{"taxonomy":"post_tag","embeddable":true,"href":"https:\/\/ostrowskatv.pl\/index.php?rest_route=%2Fwp%2Fv2%2Ftags&post=1664"}],"curies":[{"name":"wp","href":"https:\/\/api.w.org\/{rel}","templated":true}]}}