{"id":16632,"date":"2021-09-16T15:23:33","date_gmt":"2021-09-16T14:23:33","guid":{"rendered":"http:\/\/ostrowska.tv\/?p=16632"},"modified":"2021-09-16T15:23:33","modified_gmt":"2021-09-16T14:23:33","slug":"jaki-bedzie-final-rozprawy-po-smiertelnym-wypadku-z-udzialem-karetki","status":"publish","type":"post","link":"https:\/\/ostrowskatv.pl\/?p=16632","title":{"rendered":"Jaki b\u0119dzie fina\u0142 rozprawy po \u015bmiertelnym wypadku z udzia\u0142em karetki?"},"content":{"rendered":"<p><strong>Po prawie trzech latach nast\u0119puje fina\u0142 rozprawy s\u0105dowej po \u015bmiertelnym wypadku z udzia\u0142em karetki pogotowia ratunkowego, do kt\u00f3rego dosz\u0142o na ulicy Staroprzygodzkiej w Ostrowie Wielkopolskim. Uzyskane opinie bieg\u0142ych pozwoli\u0142y s\u0119dziemu Markowi Urbaniakowi zako\u0144czy\u0107 przew\u00f3d s\u0105dowy i wys\u0142ucha\u0107 stanowisk stron, podsumowuj\u0105cych ustalone informacje.<\/strong><\/p>\n<p>Przed s\u0105dem stan\u0105\u0142 ratownik medyczny, kt\u00f3ry feralnego dnia prowadzi\u0142 ambulans. Wraz z drugim ratownikiem jechali do pacjenta z problemami z sercem. Na ulicy Staroprzygodzkiej, jak ustalili biegli i \u015bwiadkowie, jecha\u0142 bez w\u0142\u0105czonych sygna\u0142\u00f3w d\u017awi\u0119kowych. W tym przypadku jazda tylko na \u015bwiat\u0142ach b\u0142yskowych nie pozwala zakwalifikowa\u0107 karetki jako pojazdu uprzywilejowanego. Przypomnijmy, \u017ce zmar\u0142y Roman Cegielny, by\u0142y prezes Ostrowskiego Zak\u0142adu Ciep\u0142owniczego, skr\u0119ca\u0142 oplem z ulicy Staroprzygodzkiej w lewo w ulic\u0119 Dekarsk\u0105. W tym momencie w jego lewy bok uderzy\u0142 rozp\u0119dzony ambulans, kt\u00f3rego pr\u0119dko\u015b\u0107 znacz\u0105co przekracza\u0142a 100 km\/h w terenie zabudowanym. Roman Cegielny zmar\u0142 po kilku godzinach w kaliskim szpitalu z powodu obra\u017ce\u0144 wielonarz\u0105dowych.<\/p>\n<p>Prokurator zawnioskowa\u0142a o kar\u0119 roku wi\u0119zienia i dwuletniego zakazu prowadzenia pojazd\u00f3w i wykonywania zawodu ratownika. Oskar\u017cycielki posi\u0142kowe &#8211; c\u00f3rki zmar\u0142ego &#8211; wnioskowa\u0142y o kar\u0119 dw\u00f3ch lat pozbawienia wolno\u015bci. Obro\u0144ca wnosi\u0142 o uniewinnienie. <\/p>\n<p>45-letni ratownik medyczny przez ca\u0142y proces twierdzi\u0142, \u017ce jecha\u0142 na w\u0142\u0105czonych sygna\u0142ach \u015bwietlno-d\u017awi\u0119kowych. Zeznania \u015bwiadk\u00f3w i nagrana rozmowa telefoniczna, prowadzona przez zmar\u0142ego utrwali\u0142a fakt w\u0142\u0105czenia sygna\u0142u na sekund\u0119 przed zderzeniem obu pojazd\u00f3w.<\/p>\n<blockquote><p>Wina oskar\u017conego nie budzi w\u0105tpliwo\u015bci. Pokaza\u0142 to przew\u00f3d s\u0105dowy. Oskar\u017cony zawi\u00f3d\u0142 i jako kierowca, i jako ratownik medyczny. Jako kierowca, bo z\u0142ama\u0142 przepisy ruchu drogowego. Jako ratownik, abstrahuj\u0105c od linii obrony, wykaza\u0142 si\u0119 brakiem empatii. Nie przeprosi\u0142 za swoje zachowanie. Dlatego wnosz\u0119 o kar\u0119 roku wi\u0119zienia, dw\u00f3ch lat zakazu prowadzenia wszelkich pojazd\u00f3w a tak\u017ce dwuletni zakaz wykonywania zawodu ratownika. Dodatkowo oskar\u017cony powinien zap\u0142aci\u0107 po 10 tysi\u0119cy z\u0142otych oskar\u017cycielkom posi\u0142kowym. &#8211; powiedzia\u0142a prokurator Alina Poczta.<\/p><\/blockquote>\n<p>Oskar\u017cony ratownik medyczny nie przyznawa\u0142 si\u0119 do winy. Jego obro\u0144ca twierdzi\u0142, \u017ce jako kierowca szczeg\u00f3ln\u0105 ostro\u017cno\u015b\u0107. <\/p>\n<blockquote><p>Nie jestem &#8222;morderc\u0105&#8221; z karetki. A tak przez niekt\u00f3rych zosta\u0142em nazwany. &#8211; przeczyta\u0142 w mowie ko\u0144cowej oskar\u017cony ratownik. <\/p><\/blockquote>\n<p>Wyrok zapadnie 28 wrze\u015bnia 2021 r.<\/p>\n<p><img loading=\"lazy\" decoding=\"async\" src=\"http:\/\/ostrowska.tv\/wp-content\/uploads\/2021\/09\/20210916_110822-02.jpeg\" alt=\"\" width=\"1366\" height=\"735\" class=\"alignnone size-full wp-image-16636\" srcset=\"https:\/\/ostrowskatv.pl\/wp-content\/uploads\/2021\/09\/20210916_110822-02.jpeg 1366w, https:\/\/ostrowskatv.pl\/wp-content\/uploads\/2021\/09\/20210916_110822-02-300x161.jpeg 300w, https:\/\/ostrowskatv.pl\/wp-content\/uploads\/2021\/09\/20210916_110822-02-640x344.jpeg 640w\" sizes=\"auto, (max-width: 1366px) 100vw, 1366px\" \/><\/p>\n","protected":false},"excerpt":{"rendered":"Po prawie trzech latach nast\u0119puje fina\u0142 rozprawy s\u0105dowej po \u015bmiertelnym wypadku z udzia\u0142em karetki pogotowia ratunkowego, do kt\u00f3rego dosz\u0142o na ulicy Staroprzygodzkiej w \n<a class=\"moretag\" href=\"https:\/\/ostrowskatv.pl\/?p=16632\"> [...]<\/a>","protected":false},"author":1,"featured_media":16635,"comment_status":"open","ping_status":"closed","sticky":false,"template":"","format":"standard","meta":{"footnotes":""},"categories":[1],"tags":[2],"class_list":["post-16632","post","type-post","status-publish","format-standard","has-post-thumbnail","hentry","category-news","tag-ostrow-wielkopolski"],"_links":{"self":[{"href":"https:\/\/ostrowskatv.pl\/index.php?rest_route=\/wp\/v2\/posts\/16632","targetHints":{"allow":["GET"]}}],"collection":[{"href":"https:\/\/ostrowskatv.pl\/index.php?rest_route=\/wp\/v2\/posts"}],"about":[{"href":"https:\/\/ostrowskatv.pl\/index.php?rest_route=\/wp\/v2\/types\/post"}],"author":[{"embeddable":true,"href":"https:\/\/ostrowskatv.pl\/index.php?rest_route=\/wp\/v2\/users\/1"}],"replies":[{"embeddable":true,"href":"https:\/\/ostrowskatv.pl\/index.php?rest_route=%2Fwp%2Fv2%2Fcomments&post=16632"}],"version-history":[{"count":0,"href":"https:\/\/ostrowskatv.pl\/index.php?rest_route=\/wp\/v2\/posts\/16632\/revisions"}],"wp:featuredmedia":[{"embeddable":true,"href":"https:\/\/ostrowskatv.pl\/index.php?rest_route=\/wp\/v2\/media\/16635"}],"wp:attachment":[{"href":"https:\/\/ostrowskatv.pl\/index.php?rest_route=%2Fwp%2Fv2%2Fmedia&parent=16632"}],"wp:term":[{"taxonomy":"category","embeddable":true,"href":"https:\/\/ostrowskatv.pl\/index.php?rest_route=%2Fwp%2Fv2%2Fcategories&post=16632"},{"taxonomy":"post_tag","embeddable":true,"href":"https:\/\/ostrowskatv.pl\/index.php?rest_route=%2Fwp%2Fv2%2Ftags&post=16632"}],"curies":[{"name":"wp","href":"https:\/\/api.w.org\/{rel}","templated":true}]}}