{"id":16604,"date":"2021-09-13T20:47:33","date_gmt":"2021-09-13T19:47:33","guid":{"rendered":"http:\/\/ostrowska.tv\/?p=16604"},"modified":"2021-09-13T20:47:33","modified_gmt":"2021-09-13T19:47:33","slug":"15-roczne-dziecko-poparzylo-sie-wrzatkiem","status":"publish","type":"post","link":"https:\/\/ostrowskatv.pl\/?p=16604","title":{"rendered":"1,5 roczne dziecko poparzy\u0142o si\u0119 wrz\u0105tkiem"},"content":{"rendered":"<p><strong>Do Wielkopolskiego Centrum Oparze\u0144 w Ostrowie Wielkopolskim przetransportowano 1,5-roczne dziecko. Maluch poparzy\u0142 si\u0119 wrz\u0105tkiem, oblewaj\u0105c sobie nogi. W wyniku czego dozna\u0142 oparze\u0144 cia\u0142a wynosz\u0105cych oko\u0142o 20%. <\/strong><\/p>\n<p>Do zdarzenia dosz\u0142o w Kluczborku (woj. opolskie). Stamt\u0105d za\u0142oga \u015bmig\u0142owca LPR zabra\u0142a dziecko, a nast\u0119pnie przetransportowano je do ostrowskiego szpitala. Dziecko wyla\u0142o na siebie kubek z wrz\u0105tkiem. Do zdarzenia dosz\u0142o oko\u0142o godziny 19, a do Ostrowa dziecko trafi\u0142o o godzinie 21.30.<\/p>\n<p><img loading=\"lazy\" decoding=\"async\" class=\"alignnone size-full wp-image-16605\" src=\"http:\/\/ostrowska.tv\/wp-content\/uploads\/2021\/09\/20210913_211717-01.jpeg\" alt=\"\" width=\"1366\" height=\"771\" srcset=\"https:\/\/ostrowskatv.pl\/wp-content\/uploads\/2021\/09\/20210913_211717-01.jpeg 1366w, https:\/\/ostrowskatv.pl\/wp-content\/uploads\/2021\/09\/20210913_211717-01-300x169.jpeg 300w, https:\/\/ostrowskatv.pl\/wp-content\/uploads\/2021\/09\/20210913_211717-01-638x360.jpeg 638w, https:\/\/ostrowskatv.pl\/wp-content\/uploads\/2021\/09\/20210913_211717-01-388x220.jpeg 388w\" sizes=\"auto, (max-width: 1366px) 100vw, 1366px\" \/><\/p>\n<p><img loading=\"lazy\" decoding=\"async\" class=\"alignnone size-full wp-image-16606\" src=\"http:\/\/ostrowska.tv\/wp-content\/uploads\/2021\/09\/20210913_211730-01.jpeg\" alt=\"\" width=\"1366\" height=\"769\" srcset=\"https:\/\/ostrowskatv.pl\/wp-content\/uploads\/2021\/09\/20210913_211730-01.jpeg 1366w, https:\/\/ostrowskatv.pl\/wp-content\/uploads\/2021\/09\/20210913_211730-01-300x169.jpeg 300w, https:\/\/ostrowskatv.pl\/wp-content\/uploads\/2021\/09\/20210913_211730-01-640x360.jpeg 640w\" sizes=\"auto, (max-width: 1366px) 100vw, 1366px\" \/><\/p>\n<p><img loading=\"lazy\" decoding=\"async\" class=\"alignnone size-full wp-image-16607\" src=\"http:\/\/ostrowska.tv\/wp-content\/uploads\/2021\/09\/20210913_211752-01.jpeg\" alt=\"\" width=\"1366\" height=\"769\" srcset=\"https:\/\/ostrowskatv.pl\/wp-content\/uploads\/2021\/09\/20210913_211752-01.jpeg 1366w, https:\/\/ostrowskatv.pl\/wp-content\/uploads\/2021\/09\/20210913_211752-01-300x169.jpeg 300w, https:\/\/ostrowskatv.pl\/wp-content\/uploads\/2021\/09\/20210913_211752-01-640x360.jpeg 640w\" sizes=\"auto, (max-width: 1366px) 100vw, 1366px\" \/><\/p>\n<p><img loading=\"lazy\" decoding=\"async\" class=\"alignnone size-full wp-image-16608\" src=\"http:\/\/ostrowska.tv\/wp-content\/uploads\/2021\/09\/20210913_211803-01.jpeg\" alt=\"\" width=\"1366\" height=\"769\" srcset=\"https:\/\/ostrowskatv.pl\/wp-content\/uploads\/2021\/09\/20210913_211803-01.jpeg 1366w, https:\/\/ostrowskatv.pl\/wp-content\/uploads\/2021\/09\/20210913_211803-01-300x169.jpeg 300w, https:\/\/ostrowskatv.pl\/wp-content\/uploads\/2021\/09\/20210913_211803-01-640x360.jpeg 640w\" sizes=\"auto, (max-width: 1366px) 100vw, 1366px\" \/><\/p>\n<p><img loading=\"lazy\" decoding=\"async\" class=\"alignnone size-full wp-image-16609\" src=\"http:\/\/ostrowska.tv\/wp-content\/uploads\/2021\/09\/20210913_211817-01.jpeg\" alt=\"\" width=\"1366\" height=\"769\" srcset=\"https:\/\/ostrowskatv.pl\/wp-content\/uploads\/2021\/09\/20210913_211817-01.jpeg 1366w, https:\/\/ostrowskatv.pl\/wp-content\/uploads\/2021\/09\/20210913_211817-01-300x169.jpeg 300w, https:\/\/ostrowskatv.pl\/wp-content\/uploads\/2021\/09\/20210913_211817-01-640x360.jpeg 640w\" sizes=\"auto, (max-width: 1366px) 100vw, 1366px\" \/><\/p>\n","protected":false},"excerpt":{"rendered":"Do Wielkopolskiego Centrum Oparze\u0144 w Ostrowie Wielkopolskim przetransportowano 1,5-roczne dziecko. Maluch poparzy\u0142 si\u0119 wrz\u0105tkiem, oblewaj\u0105c sobie nogi. W wyniku czego dozna\u0142 oparze\u0144 cia\u0142a \n<a class=\"moretag\" href=\"https:\/\/ostrowskatv.pl\/?p=16604\"> [...]<\/a>","protected":false},"author":1,"featured_media":16609,"comment_status":"open","ping_status":"closed","sticky":false,"template":"","format":"standard","meta":{"footnotes":""},"categories":[1],"tags":[223],"class_list":["post-16604","post","type-post","status-publish","format-standard","has-post-thumbnail","hentry","category-news","tag-lpr"],"_links":{"self":[{"href":"https:\/\/ostrowskatv.pl\/index.php?rest_route=\/wp\/v2\/posts\/16604","targetHints":{"allow":["GET"]}}],"collection":[{"href":"https:\/\/ostrowskatv.pl\/index.php?rest_route=\/wp\/v2\/posts"}],"about":[{"href":"https:\/\/ostrowskatv.pl\/index.php?rest_route=\/wp\/v2\/types\/post"}],"author":[{"embeddable":true,"href":"https:\/\/ostrowskatv.pl\/index.php?rest_route=\/wp\/v2\/users\/1"}],"replies":[{"embeddable":true,"href":"https:\/\/ostrowskatv.pl\/index.php?rest_route=%2Fwp%2Fv2%2Fcomments&post=16604"}],"version-history":[{"count":0,"href":"https:\/\/ostrowskatv.pl\/index.php?rest_route=\/wp\/v2\/posts\/16604\/revisions"}],"wp:featuredmedia":[{"embeddable":true,"href":"https:\/\/ostrowskatv.pl\/index.php?rest_route=\/wp\/v2\/media\/16609"}],"wp:attachment":[{"href":"https:\/\/ostrowskatv.pl\/index.php?rest_route=%2Fwp%2Fv2%2Fmedia&parent=16604"}],"wp:term":[{"taxonomy":"category","embeddable":true,"href":"https:\/\/ostrowskatv.pl\/index.php?rest_route=%2Fwp%2Fv2%2Fcategories&post=16604"},{"taxonomy":"post_tag","embeddable":true,"href":"https:\/\/ostrowskatv.pl\/index.php?rest_route=%2Fwp%2Fv2%2Ftags&post=16604"}],"curies":[{"name":"wp","href":"https:\/\/api.w.org\/{rel}","templated":true}]}}