{"id":16598,"date":"2021-09-13T18:14:00","date_gmt":"2021-09-13T17:14:00","guid":{"rendered":"http:\/\/ostrowska.tv\/?p=16598"},"modified":"2021-09-13T18:14:00","modified_gmt":"2021-09-13T17:14:00","slug":"rekordowy-pozar-przy-wroclawskiej","status":"publish","type":"post","link":"https:\/\/ostrowskatv.pl\/?p=16598","title":{"rendered":"Rekordowy po\u017car przy Wroc\u0142awskiej"},"content":{"rendered":"<p><strong>Oko\u0142o godz. 18.30 do stra\u017cak\u00f3w z Ostrowa Wielkopolskiego wp\u0142yn\u0119\u0142a informacja o po\u017carze w budynku wielorodzinnym pod adresem Wroc\u0142awska 148. \u015amia\u0142o mo\u017cna zaliczy\u0107 go do rekordowych. <\/strong><\/p>\n<p>Na szcz\u0119\u015bcie w tym przypadku byl to rekordowo ma\u0142y po\u017car. By\u0142 tak niewielki, \u017ce nawet stra\u017cacy nie musieli rozwija\u0107 w\u0119\u017cy ga\u015bniczych.<\/p>\n<p>Zarzewie ognia ugasili mieszka\u0144cy, a tli\u0142o si\u0119 w miejscu gdzie najprawdopodobniej spad\u0142 pet od papierosa. Ten dosta\u0142 si\u0119 do piwnicy przez otw\u00f3r wrzutowy do w\u0119gla.<\/p>\n<p>Do akcji zadysponowano dwa wozy ga\u015bnicze, w\u00f3z z drabin\u0105 oraz patrol policji. S<span style=\"font-size: 1rem;\">tra\u017cacy przewietrzyli pomieszczenie.\u00a0<\/span><\/p>\n<p><img loading=\"lazy\" decoding=\"async\" class=\"alignnone size-full wp-image-16599\" src=\"http:\/\/ostrowska.tv\/wp-content\/uploads\/2021\/09\/20210913_184031-01.jpeg\" alt=\"\" width=\"1366\" height=\"769\" srcset=\"https:\/\/ostrowskatv.pl\/wp-content\/uploads\/2021\/09\/20210913_184031-01.jpeg 1366w, https:\/\/ostrowskatv.pl\/wp-content\/uploads\/2021\/09\/20210913_184031-01-300x169.jpeg 300w, https:\/\/ostrowskatv.pl\/wp-content\/uploads\/2021\/09\/20210913_184031-01-640x360.jpeg 640w\" sizes=\"auto, (max-width: 1366px) 100vw, 1366px\" \/> <img loading=\"lazy\" decoding=\"async\" class=\"alignnone size-full wp-image-16600\" src=\"http:\/\/ostrowska.tv\/wp-content\/uploads\/2021\/09\/20210913_184102-01.jpeg\" alt=\"\" width=\"1366\" height=\"769\" srcset=\"https:\/\/ostrowskatv.pl\/wp-content\/uploads\/2021\/09\/20210913_184102-01.jpeg 1366w, https:\/\/ostrowskatv.pl\/wp-content\/uploads\/2021\/09\/20210913_184102-01-300x169.jpeg 300w, https:\/\/ostrowskatv.pl\/wp-content\/uploads\/2021\/09\/20210913_184102-01-640x360.jpeg 640w\" sizes=\"auto, (max-width: 1366px) 100vw, 1366px\" \/> <img loading=\"lazy\" decoding=\"async\" class=\"alignnone size-full wp-image-16601\" src=\"http:\/\/ostrowska.tv\/wp-content\/uploads\/2021\/09\/20210913_184126-01.jpeg\" alt=\"\" width=\"1366\" height=\"769\" srcset=\"https:\/\/ostrowskatv.pl\/wp-content\/uploads\/2021\/09\/20210913_184126-01.jpeg 1366w, https:\/\/ostrowskatv.pl\/wp-content\/uploads\/2021\/09\/20210913_184126-01-300x169.jpeg 300w, https:\/\/ostrowskatv.pl\/wp-content\/uploads\/2021\/09\/20210913_184126-01-640x360.jpeg 640w\" sizes=\"auto, (max-width: 1366px) 100vw, 1366px\" \/> <img loading=\"lazy\" decoding=\"async\" class=\"alignnone size-full wp-image-16602\" src=\"http:\/\/ostrowska.tv\/wp-content\/uploads\/2021\/09\/20210913_184142-01.jpeg\" alt=\"\" width=\"1366\" height=\"769\" srcset=\"https:\/\/ostrowskatv.pl\/wp-content\/uploads\/2021\/09\/20210913_184142-01.jpeg 1366w, https:\/\/ostrowskatv.pl\/wp-content\/uploads\/2021\/09\/20210913_184142-01-300x169.jpeg 300w, https:\/\/ostrowskatv.pl\/wp-content\/uploads\/2021\/09\/20210913_184142-01-640x360.jpeg 640w\" sizes=\"auto, (max-width: 1366px) 100vw, 1366px\" \/><\/p>\n","protected":false},"excerpt":{"rendered":"Oko\u0142o godz. 18.30 do stra\u017cak\u00f3w z Ostrowa Wielkopolskiego wp\u0142yn\u0119\u0142a informacja o po\u017carze w budynku wielorodzinnym pod adresem Wroc\u0142awska 148. \u015amia\u0142o mo\u017cna zaliczy\u0107 go \n<a class=\"moretag\" href=\"https:\/\/ostrowskatv.pl\/?p=16598\"> [...]<\/a>","protected":false},"author":1,"featured_media":16600,"comment_status":"open","ping_status":"closed","sticky":false,"template":"","format":"standard","meta":{"footnotes":""},"categories":[1],"tags":[7],"class_list":["post-16598","post","type-post","status-publish","format-standard","has-post-thumbnail","hentry","category-news","tag-pozar"],"_links":{"self":[{"href":"https:\/\/ostrowskatv.pl\/index.php?rest_route=\/wp\/v2\/posts\/16598","targetHints":{"allow":["GET"]}}],"collection":[{"href":"https:\/\/ostrowskatv.pl\/index.php?rest_route=\/wp\/v2\/posts"}],"about":[{"href":"https:\/\/ostrowskatv.pl\/index.php?rest_route=\/wp\/v2\/types\/post"}],"author":[{"embeddable":true,"href":"https:\/\/ostrowskatv.pl\/index.php?rest_route=\/wp\/v2\/users\/1"}],"replies":[{"embeddable":true,"href":"https:\/\/ostrowskatv.pl\/index.php?rest_route=%2Fwp%2Fv2%2Fcomments&post=16598"}],"version-history":[{"count":0,"href":"https:\/\/ostrowskatv.pl\/index.php?rest_route=\/wp\/v2\/posts\/16598\/revisions"}],"wp:featuredmedia":[{"embeddable":true,"href":"https:\/\/ostrowskatv.pl\/index.php?rest_route=\/wp\/v2\/media\/16600"}],"wp:attachment":[{"href":"https:\/\/ostrowskatv.pl\/index.php?rest_route=%2Fwp%2Fv2%2Fmedia&parent=16598"}],"wp:term":[{"taxonomy":"category","embeddable":true,"href":"https:\/\/ostrowskatv.pl\/index.php?rest_route=%2Fwp%2Fv2%2Fcategories&post=16598"},{"taxonomy":"post_tag","embeddable":true,"href":"https:\/\/ostrowskatv.pl\/index.php?rest_route=%2Fwp%2Fv2%2Ftags&post=16598"}],"curies":[{"name":"wp","href":"https:\/\/api.w.org\/{rel}","templated":true}]}}