{"id":16585,"date":"2021-09-11T18:17:24","date_gmt":"2021-09-11T17:17:24","guid":{"rendered":"http:\/\/ostrowska.tv\/?p=16585"},"modified":"2021-09-11T18:17:24","modified_gmt":"2021-09-11T17:17:24","slug":"sprayowy-wandal-znowu-zaatakowal","status":"publish","type":"post","link":"https:\/\/ostrowskatv.pl\/?p=16585","title":{"rendered":"Spray&#8217;owy wandal znowu zaatakowa\u0142"},"content":{"rendered":"<p><strong>Miasto Ostr\u00f3w Wielkopolski ma problem z co najmniej jednym niespe\u0142nionym malarzem. Zamiast na kartkach w zeszycie, postanowi\u0142 maza\u0107 w miejscach publicznych. <\/strong><\/p>\n<p>Minionej nocy pojawi\u0142y si\u0119 napisy i plamy po kulkach z farb\u0105 zar\u00f3wno w Parku Miejskim jak i przed siedzib\u0105 parlamentarzyst\u00f3w lewicy przy ulicy Sienkiewicza 1 w Ostrowie Wielkopolskim.<\/p>\n<p>Has\u0142a, kt\u00f3rymi zniszczono elewacj\u0119 to: &#8222;KILL LIGBT&#8221;, &#8222;Marksizm STOP&#8221; oraz &#8222;lewica won&#8221;. Suma strat kwalifikuje ten wandalizm jako przest\u0119pstwo. Sprawca zosta\u0142 nagrany przez pobliski monitoring, dlatego tym razem nie powinno by\u0107 problemu z udowodnieniem winy. Chocia\u017c mo\u017cna si\u0119 domy\u015bla\u0107 o kogo chodzi, bo charakter pisma \u0142udz\u0105co podobny do poprzednich.<\/p>\n<p><img loading=\"lazy\" decoding=\"async\" class=\"alignnone size-full wp-image-16586\" src=\"http:\/\/ostrowska.tv\/wp-content\/uploads\/2021\/09\/20210911_183137-01.jpeg\" alt=\"\" width=\"1366\" height=\"725\" srcset=\"https:\/\/ostrowskatv.pl\/wp-content\/uploads\/2021\/09\/20210911_183137-01.jpeg 1366w, https:\/\/ostrowskatv.pl\/wp-content\/uploads\/2021\/09\/20210911_183137-01-300x159.jpeg 300w, https:\/\/ostrowskatv.pl\/wp-content\/uploads\/2021\/09\/20210911_183137-01-640x340.jpeg 640w\" sizes=\"auto, (max-width: 1366px) 100vw, 1366px\" \/><\/p>\n<p><img loading=\"lazy\" decoding=\"async\" class=\"alignnone size-full wp-image-16587\" src=\"http:\/\/ostrowska.tv\/wp-content\/uploads\/2021\/09\/20210911_183143-01.jpeg\" alt=\"\" width=\"1366\" height=\"769\" srcset=\"https:\/\/ostrowskatv.pl\/wp-content\/uploads\/2021\/09\/20210911_183143-01.jpeg 1366w, https:\/\/ostrowskatv.pl\/wp-content\/uploads\/2021\/09\/20210911_183143-01-300x169.jpeg 300w, https:\/\/ostrowskatv.pl\/wp-content\/uploads\/2021\/09\/20210911_183143-01-640x360.jpeg 640w\" sizes=\"auto, (max-width: 1366px) 100vw, 1366px\" \/><\/p>\n<p><img loading=\"lazy\" decoding=\"async\" class=\"alignnone size-full wp-image-16588\" src=\"http:\/\/ostrowska.tv\/wp-content\/uploads\/2021\/09\/20210911_183148-01.jpeg\" alt=\"\" width=\"1366\" height=\"828\" srcset=\"https:\/\/ostrowskatv.pl\/wp-content\/uploads\/2021\/09\/20210911_183148-01.jpeg 1366w, https:\/\/ostrowskatv.pl\/wp-content\/uploads\/2021\/09\/20210911_183148-01-300x182.jpeg 300w, https:\/\/ostrowskatv.pl\/wp-content\/uploads\/2021\/09\/20210911_183148-01-594x360.jpeg 594w\" sizes=\"auto, (max-width: 1366px) 100vw, 1366px\" \/><\/p>\n<p><img loading=\"lazy\" decoding=\"async\" class=\"alignnone size-full wp-image-16589\" src=\"http:\/\/ostrowska.tv\/wp-content\/uploads\/2021\/09\/20210911_183157-01.jpeg\" alt=\"\" width=\"1366\" height=\"654\" srcset=\"https:\/\/ostrowskatv.pl\/wp-content\/uploads\/2021\/09\/20210911_183157-01.jpeg 1366w, https:\/\/ostrowskatv.pl\/wp-content\/uploads\/2021\/09\/20210911_183157-01-300x144.jpeg 300w, https:\/\/ostrowskatv.pl\/wp-content\/uploads\/2021\/09\/20210911_183157-01-640x306.jpeg 640w\" sizes=\"auto, (max-width: 1366px) 100vw, 1366px\" \/><\/p>\n<p><img loading=\"lazy\" decoding=\"async\" class=\"alignnone size-full wp-image-16590\" src=\"http:\/\/ostrowska.tv\/wp-content\/uploads\/2021\/09\/20210911_183205-01.jpeg\" alt=\"\" width=\"1366\" height=\"769\" srcset=\"https:\/\/ostrowskatv.pl\/wp-content\/uploads\/2021\/09\/20210911_183205-01.jpeg 1366w, https:\/\/ostrowskatv.pl\/wp-content\/uploads\/2021\/09\/20210911_183205-01-300x169.jpeg 300w, https:\/\/ostrowskatv.pl\/wp-content\/uploads\/2021\/09\/20210911_183205-01-640x360.jpeg 640w\" sizes=\"auto, (max-width: 1366px) 100vw, 1366px\" \/><\/p>\n<p><img loading=\"lazy\" decoding=\"async\" class=\"alignnone size-full wp-image-16591\" src=\"http:\/\/ostrowska.tv\/wp-content\/uploads\/2021\/09\/20210911_183224-01.jpeg\" alt=\"\" width=\"769\" height=\"1366\" srcset=\"https:\/\/ostrowskatv.pl\/wp-content\/uploads\/2021\/09\/20210911_183224-01.jpeg 769w, https:\/\/ostrowskatv.pl\/wp-content\/uploads\/2021\/09\/20210911_183224-01-169x300.jpeg 169w, https:\/\/ostrowskatv.pl\/wp-content\/uploads\/2021\/09\/20210911_183224-01-203x360.jpeg 203w\" sizes=\"auto, (max-width: 769px) 100vw, 769px\" \/><\/p>\n<p>&nbsp;<\/p>\n","protected":false},"excerpt":{"rendered":"Miasto Ostr\u00f3w Wielkopolski ma problem z co najmniej jednym niespe\u0142nionym malarzem. Zamiast na kartkach w zeszycie, postanowi\u0142 maza\u0107 w miejscach publicznych. Minionej nocy \n<a class=\"moretag\" href=\"https:\/\/ostrowskatv.pl\/?p=16585\"> [...]<\/a>","protected":false},"author":1,"featured_media":16586,"comment_status":"open","ping_status":"closed","sticky":false,"template":"","format":"standard","meta":{"footnotes":""},"categories":[1],"tags":[2],"class_list":["post-16585","post","type-post","status-publish","format-standard","has-post-thumbnail","hentry","category-news","tag-ostrow-wielkopolski"],"_links":{"self":[{"href":"https:\/\/ostrowskatv.pl\/index.php?rest_route=\/wp\/v2\/posts\/16585","targetHints":{"allow":["GET"]}}],"collection":[{"href":"https:\/\/ostrowskatv.pl\/index.php?rest_route=\/wp\/v2\/posts"}],"about":[{"href":"https:\/\/ostrowskatv.pl\/index.php?rest_route=\/wp\/v2\/types\/post"}],"author":[{"embeddable":true,"href":"https:\/\/ostrowskatv.pl\/index.php?rest_route=\/wp\/v2\/users\/1"}],"replies":[{"embeddable":true,"href":"https:\/\/ostrowskatv.pl\/index.php?rest_route=%2Fwp%2Fv2%2Fcomments&post=16585"}],"version-history":[{"count":0,"href":"https:\/\/ostrowskatv.pl\/index.php?rest_route=\/wp\/v2\/posts\/16585\/revisions"}],"wp:featuredmedia":[{"embeddable":true,"href":"https:\/\/ostrowskatv.pl\/index.php?rest_route=\/wp\/v2\/media\/16586"}],"wp:attachment":[{"href":"https:\/\/ostrowskatv.pl\/index.php?rest_route=%2Fwp%2Fv2%2Fmedia&parent=16585"}],"wp:term":[{"taxonomy":"category","embeddable":true,"href":"https:\/\/ostrowskatv.pl\/index.php?rest_route=%2Fwp%2Fv2%2Fcategories&post=16585"},{"taxonomy":"post_tag","embeddable":true,"href":"https:\/\/ostrowskatv.pl\/index.php?rest_route=%2Fwp%2Fv2%2Ftags&post=16585"}],"curies":[{"name":"wp","href":"https:\/\/api.w.org\/{rel}","templated":true}]}}