{"id":1657,"date":"2016-06-15T11:49:48","date_gmt":"2016-06-15T10:49:48","guid":{"rendered":"http:\/\/ostrowska.tv\/?p=1657"},"modified":"2016-06-15T13:48:03","modified_gmt":"2016-06-15T12:48:03","slug":"wasi-radni-dzialaja-na-szkode-miasta","status":"publish","type":"post","link":"https:\/\/ostrowskatv.pl\/?p=1657","title":{"rendered":"&#8222;Wasi radni dzia\u0142aj\u0105 na szkod\u0119 miasta&#8221;"},"content":{"rendered":"<p><strong>Znany i kontrowersyjny polityk Przemys\u0142aw Wipler odwiedzi\u0142 we wtorek Kalisz. Przedstawiciel partii KORWiN namawia\u0142 do podpisania pakietu ustaw dotycz\u0105cych bezpiecze\u0144stwa. Poza tym, skrytykowa\u0142 ostrowskich radnych za dzia\u0142anie na szkod\u0119 miasta.<\/strong><\/p>\n<p>Wipler skrytykowa\u0142 radnych Ostrowa Wielkopolskiego za przyj\u0119cie uchwa\u0142y, na mocy kt\u00f3rej zobowi\u0105zali si\u0119 oni do przestrzegania orzecze\u0144 Trybuna\u0142u Konstytucyjnego, nawet tych kt\u00f3re nie b\u0119d\u0105 publikowane. Takie dzia\u0142anie uzna\u0142 za szkodliwe dla miasta.<\/p>\n<blockquote><p>&#8211; To s\u0105 uchwa\u0142y polityczne, kt\u00f3re pokazuj\u0105, \u017ce opozycja w danej miejscowo\u015bci ma przewag\u0119. To jednak za ka\u017cdym razem dzia\u0142anie na szkod\u0119 gminy. Przez takie dzia\u0142ania &#8222;politykierskie&#8221; szkodzi si\u0119 swoim mieszka\u0144com. Z tego b\u0119dzie bardzo du\u017cy problem, kiedy pojawi si\u0119 potrzeba skorzystania z funduszy unijnych na poziomie ca\u0142ego wojew\u00f3dztwa czy na tym og\u00f3lnokrajowym. Na pewno premii za to nie b\u0119dzie. Inna sprawa, \u017ce uchwa\u0142y tych gmin zostan\u0105 uchylone przez wojewod\u00f3w. W ca\u0142ym kraju tak si\u0119 dzieje, bo takie uchwa\u0142y nie maj\u0105 podstaw prawnych. Tak samo b\u0119dzie w waszym mie\u015bcie \u2013 przekonywa\u0142 przedstawiciel partii KORWiN.<\/p><\/blockquote>\n<p>Znany polityk m\u00f3wi\u0142 r\u00f3wnie\u017c bardzo wiele o bezpiecze\u0144stwie. Tej kwestii dotyczy pakiet ustaw, pod kt\u00f3rym partia KORWiN zbiera obecnie podpisy. Dotycz\u0105 one przywr\u00f3cenia kary \u015bmierci, szerszego dost\u0119pu do broni i poszerzenia granic obrony koniecznej.<\/p>\n<blockquote><p>&#8211; Chcemy, \u017ceby osoba, kt\u00f3ra broni si\u0119 w swoim domu przed bezprawn\u0105 napa\u015bci\u0105 mog\u0142a to robi\u0107 bez zahamowa\u0144, \u017ce kogo\u015b skrzywdzi. Teraz prawo traktuje to w spos\u00f3b proporcjonalny. Je\u015bli kto\u015b wchodzi w nocy z no\u017cem, to powiniene\u015b mie\u0107 n\u00f3\u017c, z kijem to nale\u017cy broni\u0107 si\u0119 kijem, a jak masz co\u015b innego, to ju\u017c mo\u017ce by\u0107 nieproporcjonalnie. Ka\u017cdy w swoim domu powinien broni\u0107 si\u0119 bez \u017cadnych obaw, \u017ce przekroczy granice obrony koniecznej \u2013 wyja\u015bnia\u0142 Wipler.<\/p><\/blockquote>\n<p>By\u0142y pose\u0142 odni\u00f3s\u0142 si\u0119 r\u00f3wnie\u017c bardzo krytycznie do programu &#8222;Rodzina 500 plus&#8221;. W jego ocenie negatywne skutki jego wprowadzenia b\u0119d\u0105 widoczne w najbli\u017cszych latach.<\/p>\n<blockquote><p>&#8211; Ludzie, kt\u00f3rzy ten program wprowadzili, doprowadz\u0105 do tego, \u017ce Polska b\u0119dzie si\u0119 jeszcze szybciej wyludnia\u0107 ni\u017c w chwili obecnej. Kiedy trzeba b\u0119dzie zacz\u0105\u0107 oddawa\u0107 pieni\u0105dze, kt\u00f3re pa\u0144stwo polskie po\u017cycza na wyp\u0142at\u0119 \u015bwiadczenia 500 plus, to dzieciaki urodzone dzi\u0119ki temu programowi wyjad\u0105 z Polski. W zesz\u0142ym roku urodzi\u0142o si\u0119 370 tysi\u0119cy dzieci w Polsce, a 170 tysi\u0119cy st\u0105d wyjecha\u0142o. Zosta\u0142o tylko 200 tysi\u0119cy os\u00f3b, kt\u00f3re b\u0119dzie musia\u0142o pracowa\u0107 na m\u00f3j rocznik, w kt\u00f3rym urodzi\u0142o si\u0119 720 tysi\u0119cy, a do tego na swoje rodziny i sp\u0142at\u0119 gigantycznych d\u0142ug\u00f3w. Taka ma\u0142a liczba ludzi nie jest w stanie unie\u015b\u0107 tak wielkich obci\u0105\u017ce\u0144 finansowych. To nie jest mo\u017cliwe nigdzie na \u015bwiecie \u2013 zapewnia\u0142 Wipler.<\/p><\/blockquote>\n<p>Z przedstawicielem partii KORWiN poruszyli\u015bmy jeszcze kilka innych temat\u00f3w. Ca\u0142y wywiad mo\u017cna obejrze\u0107 poni\u017cej.<\/p>\n<p><iframe loading=\"lazy\" width=\"640\" height=\"360\" src=\"https:\/\/www.youtube.com\/embed\/KJr3ODCsKL8\" frameborder=\"0\" allowfullscreen><\/iframe><\/p>\n","protected":false},"excerpt":{"rendered":"Znany i kontrowersyjny polityk Przemys\u0142aw Wipler odwiedzi\u0142 we wtorek Kalisz. Przedstawiciel partii KORWiN namawia\u0142 do podpisania pakietu ustaw dotycz\u0105cych bezpiecze\u0144stwa. Poza tym, skrytykowa\u0142 \n<a class=\"moretag\" href=\"https:\/\/ostrowskatv.pl\/?p=1657\"> [...]<\/a>","protected":false},"author":1,"featured_media":1658,"comment_status":"open","ping_status":"open","sticky":false,"template":"","format":"standard","meta":{"footnotes":""},"categories":[1],"tags":[2],"class_list":["post-1657","post","type-post","status-publish","format-standard","has-post-thumbnail","hentry","category-news","tag-ostrow-wielkopolski"],"_links":{"self":[{"href":"https:\/\/ostrowskatv.pl\/index.php?rest_route=\/wp\/v2\/posts\/1657","targetHints":{"allow":["GET"]}}],"collection":[{"href":"https:\/\/ostrowskatv.pl\/index.php?rest_route=\/wp\/v2\/posts"}],"about":[{"href":"https:\/\/ostrowskatv.pl\/index.php?rest_route=\/wp\/v2\/types\/post"}],"author":[{"embeddable":true,"href":"https:\/\/ostrowskatv.pl\/index.php?rest_route=\/wp\/v2\/users\/1"}],"replies":[{"embeddable":true,"href":"https:\/\/ostrowskatv.pl\/index.php?rest_route=%2Fwp%2Fv2%2Fcomments&post=1657"}],"version-history":[{"count":0,"href":"https:\/\/ostrowskatv.pl\/index.php?rest_route=\/wp\/v2\/posts\/1657\/revisions"}],"wp:featuredmedia":[{"embeddable":true,"href":"https:\/\/ostrowskatv.pl\/index.php?rest_route=\/wp\/v2\/media\/1658"}],"wp:attachment":[{"href":"https:\/\/ostrowskatv.pl\/index.php?rest_route=%2Fwp%2Fv2%2Fmedia&parent=1657"}],"wp:term":[{"taxonomy":"category","embeddable":true,"href":"https:\/\/ostrowskatv.pl\/index.php?rest_route=%2Fwp%2Fv2%2Fcategories&post=1657"},{"taxonomy":"post_tag","embeddable":true,"href":"https:\/\/ostrowskatv.pl\/index.php?rest_route=%2Fwp%2Fv2%2Ftags&post=1657"}],"curies":[{"name":"wp","href":"https:\/\/api.w.org\/{rel}","templated":true}]}}