{"id":16563,"date":"2021-09-11T14:28:51","date_gmt":"2021-09-11T13:28:51","guid":{"rendered":"http:\/\/ostrowska.tv\/?p=16563"},"modified":"2021-09-11T14:29:14","modified_gmt":"2021-09-11T13:29:14","slug":"skoda-zlamal-latarnie-przy-glogowskiej","status":"publish","type":"post","link":"https:\/\/ostrowskatv.pl\/?p=16563","title":{"rendered":"Skod\u0105 wyrwa\u0142 latarni\u0119 przy G\u0142ogowskiej"},"content":{"rendered":"<p><strong>M\u0119\u017cczyzna jad\u0105c skod\u0105 ulic\u0105 G\u0142ogowsk\u0105 straci\u0142 panowanie nad autem i uderzy\u0142 w uliczn\u0105 latarni\u0119. Ta z\u0142ama\u0142a si\u0119 u podstaw i spad\u0142a na teren stacji paliw.<\/strong> <\/p>\n<p>Szcz\u0119\u015bliwie w zdarzeniu nikt nie ucierpia\u0142. M\u0119\u017cczyzn\u0119 ukarano mandatem karnym. <\/p>\n<p><img loading=\"lazy\" decoding=\"async\" src=\"http:\/\/ostrowska.tv\/wp-content\/uploads\/2021\/09\/20210911_150241-01.jpeg\" alt=\"\" width=\"1366\" height=\"597\" class=\"alignnone size-full wp-image-16564\" srcset=\"https:\/\/ostrowskatv.pl\/wp-content\/uploads\/2021\/09\/20210911_150241-01.jpeg 1366w, https:\/\/ostrowskatv.pl\/wp-content\/uploads\/2021\/09\/20210911_150241-01-300x131.jpeg 300w, https:\/\/ostrowskatv.pl\/wp-content\/uploads\/2021\/09\/20210911_150241-01-640x280.jpeg 640w\" sizes=\"auto, (max-width: 1366px) 100vw, 1366px\" \/><\/p>\n<p><img loading=\"lazy\" decoding=\"async\" src=\"http:\/\/ostrowska.tv\/wp-content\/uploads\/2021\/09\/20210911_150316-01.jpeg\" alt=\"\" width=\"1365\" height=\"773\" class=\"alignnone size-full wp-image-16565\" srcset=\"https:\/\/ostrowskatv.pl\/wp-content\/uploads\/2021\/09\/20210911_150316-01.jpeg 1365w, https:\/\/ostrowskatv.pl\/wp-content\/uploads\/2021\/09\/20210911_150316-01-300x170.jpeg 300w, https:\/\/ostrowskatv.pl\/wp-content\/uploads\/2021\/09\/20210911_150316-01-636x360.jpeg 636w, https:\/\/ostrowskatv.pl\/wp-content\/uploads\/2021\/09\/20210911_150316-01-388x220.jpeg 388w\" sizes=\"auto, (max-width: 1365px) 100vw, 1365px\" \/><\/p>\n<p><img loading=\"lazy\" decoding=\"async\" src=\"http:\/\/ostrowska.tv\/wp-content\/uploads\/2021\/09\/20210911_150324-01.jpeg\" alt=\"\" width=\"1366\" height=\"875\" class=\"alignnone size-full wp-image-16566\" srcset=\"https:\/\/ostrowskatv.pl\/wp-content\/uploads\/2021\/09\/20210911_150324-01.jpeg 1366w, https:\/\/ostrowskatv.pl\/wp-content\/uploads\/2021\/09\/20210911_150324-01-300x192.jpeg 300w, https:\/\/ostrowskatv.pl\/wp-content\/uploads\/2021\/09\/20210911_150324-01-562x360.jpeg 562w\" sizes=\"auto, (max-width: 1366px) 100vw, 1366px\" \/><\/p>\n<p><img loading=\"lazy\" decoding=\"async\" src=\"http:\/\/ostrowska.tv\/wp-content\/uploads\/2021\/09\/20210911_150635-01.jpeg\" alt=\"\" width=\"1366\" height=\"769\" class=\"alignnone size-full wp-image-16567\" srcset=\"https:\/\/ostrowskatv.pl\/wp-content\/uploads\/2021\/09\/20210911_150635-01.jpeg 1366w, https:\/\/ostrowskatv.pl\/wp-content\/uploads\/2021\/09\/20210911_150635-01-300x169.jpeg 300w, https:\/\/ostrowskatv.pl\/wp-content\/uploads\/2021\/09\/20210911_150635-01-640x360.jpeg 640w\" sizes=\"auto, (max-width: 1366px) 100vw, 1366px\" \/><\/p>\n","protected":false},"excerpt":{"rendered":"M\u0119\u017cczyzna jad\u0105c skod\u0105 ulic\u0105 G\u0142ogowsk\u0105 straci\u0142 panowanie nad autem i uderzy\u0142 w uliczn\u0105 latarni\u0119. Ta z\u0142ama\u0142a si\u0119 u podstaw i spad\u0142a na teren \n<a class=\"moretag\" href=\"https:\/\/ostrowskatv.pl\/?p=16563\"> [...]<\/a>","protected":false},"author":1,"featured_media":16567,"comment_status":"open","ping_status":"closed","sticky":false,"template":"","format":"standard","meta":{"footnotes":""},"categories":[1],"tags":[48],"class_list":["post-16563","post","type-post","status-publish","format-standard","has-post-thumbnail","hentry","category-news","tag-kolizja"],"_links":{"self":[{"href":"https:\/\/ostrowskatv.pl\/index.php?rest_route=\/wp\/v2\/posts\/16563","targetHints":{"allow":["GET"]}}],"collection":[{"href":"https:\/\/ostrowskatv.pl\/index.php?rest_route=\/wp\/v2\/posts"}],"about":[{"href":"https:\/\/ostrowskatv.pl\/index.php?rest_route=\/wp\/v2\/types\/post"}],"author":[{"embeddable":true,"href":"https:\/\/ostrowskatv.pl\/index.php?rest_route=\/wp\/v2\/users\/1"}],"replies":[{"embeddable":true,"href":"https:\/\/ostrowskatv.pl\/index.php?rest_route=%2Fwp%2Fv2%2Fcomments&post=16563"}],"version-history":[{"count":0,"href":"https:\/\/ostrowskatv.pl\/index.php?rest_route=\/wp\/v2\/posts\/16563\/revisions"}],"wp:featuredmedia":[{"embeddable":true,"href":"https:\/\/ostrowskatv.pl\/index.php?rest_route=\/wp\/v2\/media\/16567"}],"wp:attachment":[{"href":"https:\/\/ostrowskatv.pl\/index.php?rest_route=%2Fwp%2Fv2%2Fmedia&parent=16563"}],"wp:term":[{"taxonomy":"category","embeddable":true,"href":"https:\/\/ostrowskatv.pl\/index.php?rest_route=%2Fwp%2Fv2%2Fcategories&post=16563"},{"taxonomy":"post_tag","embeddable":true,"href":"https:\/\/ostrowskatv.pl\/index.php?rest_route=%2Fwp%2Fv2%2Ftags&post=16563"}],"curies":[{"name":"wp","href":"https:\/\/api.w.org\/{rel}","templated":true}]}}