{"id":16528,"date":"2021-09-11T09:07:40","date_gmt":"2021-09-11T08:07:40","guid":{"rendered":"http:\/\/ostrowska.tv\/?p=16528"},"modified":"2021-09-11T10:15:31","modified_gmt":"2021-09-11T09:15:31","slug":"17-latek-walczy-o-zycie-wpadl-do-auta","status":"publish","type":"post","link":"https:\/\/ostrowskatv.pl\/?p=16528","title":{"rendered":"17-latek w szpitalu. Wpad\u0142 do auta"},"content":{"rendered":"<p><strong>17-latek w powa\u017cnym stanie po potr\u0105ceniu przez samoch\u00f3d osobowy. Sprawc\u0105 wypadku okaza\u0142 si\u0119 o 2 lata starszy m\u0142ody m\u0119\u017cczyzna. <\/strong><\/p>\n<p>Dw\u00f3ch rowerzyst\u00f3w jecha\u0142o przez miejscowo\u015b\u0107 Jarant\u00f3w (powiat kaliski). Nagle w jednego z nich uderzy\u0142 opel zafira. Si\u0142a uderzenia by\u0142a pot\u0119\u017cna. 17-latek wpad\u0142 do wn\u0119trza osob\u00f3wki. <\/p>\n<p>Poszkodowanego przewieziono do kaliskiego szpitala, a jego obra\u017cenia uwa\u017cane s\u0105 za powa\u017cne. <\/p>\n<p>Opel po uderzeniu w rowerzyst\u0119 wypad\u0142 z drogi i uderzy\u0142 w skarp\u0119 z piaskiem. Kierowca by\u0142 trze\u017awy, ale za ra\u017c\u0105ce naruszenie zasad w ruchu drogowym zatrzymano mu uprawnienia do kierowania samochodami.<\/p>\n<p><img loading=\"lazy\" decoding=\"async\" src=\"http:\/\/ostrowska.tv\/wp-content\/uploads\/2021\/09\/Jarantow01.jpeg\" alt=\"\" width=\"1365\" height=\"781\" class=\"alignnone size-full wp-image-16530\" srcset=\"https:\/\/ostrowskatv.pl\/wp-content\/uploads\/2021\/09\/Jarantow01.jpeg 1365w, https:\/\/ostrowskatv.pl\/wp-content\/uploads\/2021\/09\/Jarantow01-300x172.jpeg 300w, https:\/\/ostrowskatv.pl\/wp-content\/uploads\/2021\/09\/Jarantow01-629x360.jpeg 629w\" sizes=\"auto, (max-width: 1365px) 100vw, 1365px\" \/><\/p>\n<p><img loading=\"lazy\" decoding=\"async\" src=\"http:\/\/ostrowska.tv\/wp-content\/uploads\/2021\/09\/Jarantow02.jpeg\" alt=\"\" width=\"1366\" height=\"1025\" class=\"alignnone size-full wp-image-16531\" srcset=\"https:\/\/ostrowskatv.pl\/wp-content\/uploads\/2021\/09\/Jarantow02.jpeg 1366w, https:\/\/ostrowskatv.pl\/wp-content\/uploads\/2021\/09\/Jarantow02-300x225.jpeg 300w, https:\/\/ostrowskatv.pl\/wp-content\/uploads\/2021\/09\/Jarantow02-480x360.jpeg 480w\" sizes=\"auto, (max-width: 1366px) 100vw, 1366px\" \/><\/p>\n<p><img loading=\"lazy\" decoding=\"async\" src=\"http:\/\/ostrowska.tv\/wp-content\/uploads\/2021\/09\/Jarantow03.jpeg\" alt=\"\" width=\"1366\" height=\"1025\" class=\"alignnone size-full wp-image-16532\" srcset=\"https:\/\/ostrowskatv.pl\/wp-content\/uploads\/2021\/09\/Jarantow03.jpeg 1366w, https:\/\/ostrowskatv.pl\/wp-content\/uploads\/2021\/09\/Jarantow03-300x225.jpeg 300w, https:\/\/ostrowskatv.pl\/wp-content\/uploads\/2021\/09\/Jarantow03-480x360.jpeg 480w\" sizes=\"auto, (max-width: 1366px) 100vw, 1366px\" \/><\/p>\n","protected":false},"excerpt":{"rendered":"17-latek w powa\u017cnym stanie po potr\u0105ceniu przez samoch\u00f3d osobowy. Sprawc\u0105 wypadku okaza\u0142 si\u0119 o 2 lata starszy m\u0142ody m\u0119\u017cczyzna. Dw\u00f3ch rowerzyst\u00f3w jecha\u0142o przez \n<a class=\"moretag\" href=\"https:\/\/ostrowskatv.pl\/?p=16528\"> [...]<\/a>","protected":false},"author":1,"featured_media":16532,"comment_status":"open","ping_status":"closed","sticky":false,"template":"","format":"standard","meta":{"footnotes":""},"categories":[1],"tags":[41],"class_list":["post-16528","post","type-post","status-publish","format-standard","has-post-thumbnail","hentry","category-news","tag-potracenie"],"_links":{"self":[{"href":"https:\/\/ostrowskatv.pl\/index.php?rest_route=\/wp\/v2\/posts\/16528","targetHints":{"allow":["GET"]}}],"collection":[{"href":"https:\/\/ostrowskatv.pl\/index.php?rest_route=\/wp\/v2\/posts"}],"about":[{"href":"https:\/\/ostrowskatv.pl\/index.php?rest_route=\/wp\/v2\/types\/post"}],"author":[{"embeddable":true,"href":"https:\/\/ostrowskatv.pl\/index.php?rest_route=\/wp\/v2\/users\/1"}],"replies":[{"embeddable":true,"href":"https:\/\/ostrowskatv.pl\/index.php?rest_route=%2Fwp%2Fv2%2Fcomments&post=16528"}],"version-history":[{"count":0,"href":"https:\/\/ostrowskatv.pl\/index.php?rest_route=\/wp\/v2\/posts\/16528\/revisions"}],"wp:featuredmedia":[{"embeddable":true,"href":"https:\/\/ostrowskatv.pl\/index.php?rest_route=\/wp\/v2\/media\/16532"}],"wp:attachment":[{"href":"https:\/\/ostrowskatv.pl\/index.php?rest_route=%2Fwp%2Fv2%2Fmedia&parent=16528"}],"wp:term":[{"taxonomy":"category","embeddable":true,"href":"https:\/\/ostrowskatv.pl\/index.php?rest_route=%2Fwp%2Fv2%2Fcategories&post=16528"},{"taxonomy":"post_tag","embeddable":true,"href":"https:\/\/ostrowskatv.pl\/index.php?rest_route=%2Fwp%2Fv2%2Ftags&post=16528"}],"curies":[{"name":"wp","href":"https:\/\/api.w.org\/{rel}","templated":true}]}}