{"id":16503,"date":"2021-09-07T07:24:20","date_gmt":"2021-09-07T06:24:20","guid":{"rendered":"http:\/\/ostrowska.tv\/?p=16503"},"modified":"2021-09-07T07:24:20","modified_gmt":"2021-09-07T06:24:20","slug":"wystraszyl-motocykliste","status":"publish","type":"post","link":"https:\/\/ostrowskatv.pl\/?p=16503","title":{"rendered":"Wystraszy\u0142 motocyklist\u0119?"},"content":{"rendered":"<p><strong>We wtorkowy poranek m\u0119\u017cczyzna jecha\u0142 toyot\u0105 na grzyby. Jego plany pokrzy\u017cowa\u0142o zdarzenie z motocyklist\u0105, kt\u00f3ry mia\u0142 si\u0119 wystraszy\u0107 manewru wykonywanego przez kierowc\u0119 samochodu.\u00a0<\/strong><\/p>\n<p><span style=\"font-size: 1rem;\">W Przygodzicach ko\u0142o szko\u0142y m\u0119\u017cczyzna z toyoty chcia\u0142 wyjecha\u0107, od strony Wysocka, w lewo w kierunku Antonina. Widzia\u0142 jad\u0105cego w\u0142a\u015bnie z tamtej strony motocyklist\u0119. Skupi\u0142 si\u0119 na jego w\u0142\u0105czonym kierunkowskazie sugeruj\u0105cym zamiar skr\u0119tu w prawo. Po chwili motocyklista podj\u0105\u0142 manewr obronny i przewr\u00f3ci\u0142 si\u0119 na bok. Dozna\u0142 niegro\u017anego urazu \u0142okcia.\u00a0<\/span><\/p>\n<p><span style=\"font-size: 1rem;\">Wed\u0142ug relacji kierowcy toyoty, jego samoch\u00f3d powoli toczy\u0142 si\u0119 do skrzy\u017cowania. Kiedy zauwa\u017cy\u0142, \u017ce motocyklista jednak nie skr\u0119ci\u0142, nacisn\u0105\u0142 peda\u0142 hamulca. Auto lekko przekroczy\u0142o o\u015b jezdni.\u00a0<\/span><\/p>\n<p>Innego zdania by\u0142 motocyklista, kt\u00f3ry twierdzi\u0142 \u017ce samoch\u00f3d wyjecha\u0142 do po\u0142owy pasa, a po wywr\u00f3ceniu si\u0119 motocyklisty, samoch\u00f3d cofn\u0105\u0142 si\u0119.<\/p>\n<p>Policjanci ustalaj\u0105 sprawc\u0119 zdarzenia.<\/p>\n<p><img loading=\"lazy\" decoding=\"async\" class=\"alignnone size-full wp-image-16504\" src=\"http:\/\/ostrowska.tv\/wp-content\/uploads\/2021\/09\/20210907_072449-01.jpeg\" alt=\"\" width=\"1366\" height=\"769\" srcset=\"https:\/\/ostrowskatv.pl\/wp-content\/uploads\/2021\/09\/20210907_072449-01.jpeg 1366w, https:\/\/ostrowskatv.pl\/wp-content\/uploads\/2021\/09\/20210907_072449-01-300x169.jpeg 300w, https:\/\/ostrowskatv.pl\/wp-content\/uploads\/2021\/09\/20210907_072449-01-640x360.jpeg 640w\" sizes=\"auto, (max-width: 1366px) 100vw, 1366px\" \/> <img loading=\"lazy\" decoding=\"async\" class=\"alignnone size-full wp-image-16505\" src=\"http:\/\/ostrowska.tv\/wp-content\/uploads\/2021\/09\/20210907_072524-01.jpeg\" alt=\"\" width=\"1366\" height=\"904\" srcset=\"https:\/\/ostrowskatv.pl\/wp-content\/uploads\/2021\/09\/20210907_072524-01.jpeg 1366w, https:\/\/ostrowskatv.pl\/wp-content\/uploads\/2021\/09\/20210907_072524-01-300x199.jpeg 300w, https:\/\/ostrowskatv.pl\/wp-content\/uploads\/2021\/09\/20210907_072524-01-544x360.jpeg 544w\" sizes=\"auto, (max-width: 1366px) 100vw, 1366px\" \/> <img loading=\"lazy\" decoding=\"async\" class=\"alignnone size-full wp-image-16506\" src=\"http:\/\/ostrowska.tv\/wp-content\/uploads\/2021\/09\/20210907_072533-01.jpeg\" alt=\"\" width=\"1366\" height=\"769\" srcset=\"https:\/\/ostrowskatv.pl\/wp-content\/uploads\/2021\/09\/20210907_072533-01.jpeg 1366w, https:\/\/ostrowskatv.pl\/wp-content\/uploads\/2021\/09\/20210907_072533-01-300x169.jpeg 300w, https:\/\/ostrowskatv.pl\/wp-content\/uploads\/2021\/09\/20210907_072533-01-640x360.jpeg 640w\" sizes=\"auto, (max-width: 1366px) 100vw, 1366px\" \/> <img loading=\"lazy\" decoding=\"async\" class=\"alignnone size-full wp-image-16507\" src=\"http:\/\/ostrowska.tv\/wp-content\/uploads\/2021\/09\/20210907_072702-01.jpeg\" alt=\"\" width=\"1366\" height=\"769\" srcset=\"https:\/\/ostrowskatv.pl\/wp-content\/uploads\/2021\/09\/20210907_072702-01.jpeg 1366w, https:\/\/ostrowskatv.pl\/wp-content\/uploads\/2021\/09\/20210907_072702-01-300x169.jpeg 300w, https:\/\/ostrowskatv.pl\/wp-content\/uploads\/2021\/09\/20210907_072702-01-640x360.jpeg 640w\" sizes=\"auto, (max-width: 1366px) 100vw, 1366px\" \/><\/p>\n","protected":false},"excerpt":{"rendered":"We wtorkowy poranek m\u0119\u017cczyzna jecha\u0142 toyot\u0105 na grzyby. Jego plany pokrzy\u017cowa\u0142o zdarzenie z motocyklist\u0105, kt\u00f3ry mia\u0142 si\u0119 wystraszy\u0107 manewru wykonywanego przez kierowc\u0119 samochodu.\u00a0 \n<a class=\"moretag\" href=\"https:\/\/ostrowskatv.pl\/?p=16503\"> [...]<\/a>","protected":false},"author":1,"featured_media":16506,"comment_status":"open","ping_status":"closed","sticky":false,"template":"","format":"standard","meta":{"footnotes":""},"categories":[1],"tags":[48],"class_list":["post-16503","post","type-post","status-publish","format-standard","has-post-thumbnail","hentry","category-news","tag-kolizja"],"_links":{"self":[{"href":"https:\/\/ostrowskatv.pl\/index.php?rest_route=\/wp\/v2\/posts\/16503","targetHints":{"allow":["GET"]}}],"collection":[{"href":"https:\/\/ostrowskatv.pl\/index.php?rest_route=\/wp\/v2\/posts"}],"about":[{"href":"https:\/\/ostrowskatv.pl\/index.php?rest_route=\/wp\/v2\/types\/post"}],"author":[{"embeddable":true,"href":"https:\/\/ostrowskatv.pl\/index.php?rest_route=\/wp\/v2\/users\/1"}],"replies":[{"embeddable":true,"href":"https:\/\/ostrowskatv.pl\/index.php?rest_route=%2Fwp%2Fv2%2Fcomments&post=16503"}],"version-history":[{"count":0,"href":"https:\/\/ostrowskatv.pl\/index.php?rest_route=\/wp\/v2\/posts\/16503\/revisions"}],"wp:featuredmedia":[{"embeddable":true,"href":"https:\/\/ostrowskatv.pl\/index.php?rest_route=\/wp\/v2\/media\/16506"}],"wp:attachment":[{"href":"https:\/\/ostrowskatv.pl\/index.php?rest_route=%2Fwp%2Fv2%2Fmedia&parent=16503"}],"wp:term":[{"taxonomy":"category","embeddable":true,"href":"https:\/\/ostrowskatv.pl\/index.php?rest_route=%2Fwp%2Fv2%2Fcategories&post=16503"},{"taxonomy":"post_tag","embeddable":true,"href":"https:\/\/ostrowskatv.pl\/index.php?rest_route=%2Fwp%2Fv2%2Ftags&post=16503"}],"curies":[{"name":"wp","href":"https:\/\/api.w.org\/{rel}","templated":true}]}}