{"id":16491,"date":"2021-09-06T07:45:10","date_gmt":"2021-09-06T06:45:10","guid":{"rendered":"http:\/\/ostrowska.tv\/?p=16491"},"modified":"2021-09-06T08:17:38","modified_gmt":"2021-09-06T07:17:38","slug":"mloda-dziewczyna-nie-dotarla-do-szkoly","status":"publish","type":"post","link":"https:\/\/ostrowskatv.pl\/?p=16491","title":{"rendered":"M\u0142oda dziewczyna nie dotar\u0142a do szko\u0142y"},"content":{"rendered":"<p><strong>Kilka chwil po potr\u0105ceniu w \u0141\u0105kocinach dosz\u0142o do drugiego tego typu zdarzenia. M\u0142oda dziewczyna zosta\u0142a potr\u0105cona przy dawnym kinie Komeda. <\/strong><\/p>\n<p>Kobieta w wieku 24 lat jecha\u0142a volkswagenem ulic\u0105 Kompa\u0142\u0142y w kierunku Ogr\u00f3dk\u00f3w Jordanowskich. Na przej\u015bciu dla pieszych pojawi\u0142a si\u0119 16-letnia dziewczyna. Potr\u0105cenie by\u0142o mocne. W volkswagenie zosta\u0142a wgnieciona maska od silnika. Przednia szyba by\u0142a mocno rozbita. Poszkodowan\u0105 przewieziono do szpitala.<\/p>\n<p>Kobieta z samochodu by\u0142a roztrz\u0119siona.<\/p>\n<p><img loading=\"lazy\" decoding=\"async\" src=\"http:\/\/ostrowska.tv\/wp-content\/uploads\/2021\/09\/20210906_075127-01.jpeg\" alt=\"\" width=\"1366\" height=\"769\" class=\"alignnone size-full wp-image-16493\" srcset=\"https:\/\/ostrowskatv.pl\/wp-content\/uploads\/2021\/09\/20210906_075127-01.jpeg 1366w, https:\/\/ostrowskatv.pl\/wp-content\/uploads\/2021\/09\/20210906_075127-01-300x169.jpeg 300w, https:\/\/ostrowskatv.pl\/wp-content\/uploads\/2021\/09\/20210906_075127-01-640x360.jpeg 640w\" sizes=\"auto, (max-width: 1366px) 100vw, 1366px\" \/><\/p>\n<p><img loading=\"lazy\" decoding=\"async\" src=\"http:\/\/ostrowska.tv\/wp-content\/uploads\/2021\/09\/20210906_075245-01.jpeg\" alt=\"\" width=\"1366\" height=\"736\" class=\"alignnone size-full wp-image-16494\" srcset=\"https:\/\/ostrowskatv.pl\/wp-content\/uploads\/2021\/09\/20210906_075245-01.jpeg 1366w, https:\/\/ostrowskatv.pl\/wp-content\/uploads\/2021\/09\/20210906_075245-01-300x162.jpeg 300w, https:\/\/ostrowskatv.pl\/wp-content\/uploads\/2021\/09\/20210906_075245-01-640x345.jpeg 640w\" sizes=\"auto, (max-width: 1366px) 100vw, 1366px\" \/><\/p>\n<p><img loading=\"lazy\" decoding=\"async\" src=\"http:\/\/ostrowska.tv\/wp-content\/uploads\/2021\/09\/20210906_075249-01.jpeg\" alt=\"\" width=\"1366\" height=\"755\" class=\"alignnone size-full wp-image-16495\" srcset=\"https:\/\/ostrowskatv.pl\/wp-content\/uploads\/2021\/09\/20210906_075249-01.jpeg 1366w, https:\/\/ostrowskatv.pl\/wp-content\/uploads\/2021\/09\/20210906_075249-01-300x166.jpeg 300w, https:\/\/ostrowskatv.pl\/wp-content\/uploads\/2021\/09\/20210906_075249-01-640x354.jpeg 640w\" sizes=\"auto, (max-width: 1366px) 100vw, 1366px\" \/><\/p>\n","protected":false},"excerpt":{"rendered":"Kilka chwil po potr\u0105ceniu w \u0141\u0105kocinach dosz\u0142o do drugiego tego typu zdarzenia. M\u0142oda dziewczyna zosta\u0142a potr\u0105cona przy dawnym kinie Komeda. Kobieta w wieku \n<a class=\"moretag\" href=\"https:\/\/ostrowskatv.pl\/?p=16491\"> [...]<\/a>","protected":false},"author":1,"featured_media":16495,"comment_status":"open","ping_status":"closed","sticky":false,"template":"","format":"standard","meta":{"footnotes":""},"categories":[1],"tags":[41],"class_list":["post-16491","post","type-post","status-publish","format-standard","has-post-thumbnail","hentry","category-news","tag-potracenie"],"_links":{"self":[{"href":"https:\/\/ostrowskatv.pl\/index.php?rest_route=\/wp\/v2\/posts\/16491","targetHints":{"allow":["GET"]}}],"collection":[{"href":"https:\/\/ostrowskatv.pl\/index.php?rest_route=\/wp\/v2\/posts"}],"about":[{"href":"https:\/\/ostrowskatv.pl\/index.php?rest_route=\/wp\/v2\/types\/post"}],"author":[{"embeddable":true,"href":"https:\/\/ostrowskatv.pl\/index.php?rest_route=\/wp\/v2\/users\/1"}],"replies":[{"embeddable":true,"href":"https:\/\/ostrowskatv.pl\/index.php?rest_route=%2Fwp%2Fv2%2Fcomments&post=16491"}],"version-history":[{"count":0,"href":"https:\/\/ostrowskatv.pl\/index.php?rest_route=\/wp\/v2\/posts\/16491\/revisions"}],"wp:featuredmedia":[{"embeddable":true,"href":"https:\/\/ostrowskatv.pl\/index.php?rest_route=\/wp\/v2\/media\/16495"}],"wp:attachment":[{"href":"https:\/\/ostrowskatv.pl\/index.php?rest_route=%2Fwp%2Fv2%2Fmedia&parent=16491"}],"wp:term":[{"taxonomy":"category","embeddable":true,"href":"https:\/\/ostrowskatv.pl\/index.php?rest_route=%2Fwp%2Fv2%2Fcategories&post=16491"},{"taxonomy":"post_tag","embeddable":true,"href":"https:\/\/ostrowskatv.pl\/index.php?rest_route=%2Fwp%2Fv2%2Ftags&post=16491"}],"curies":[{"name":"wp","href":"https:\/\/api.w.org\/{rel}","templated":true}]}}