{"id":16482,"date":"2021-09-06T07:33:17","date_gmt":"2021-09-06T06:33:17","guid":{"rendered":"http:\/\/ostrowska.tv\/?p=16482"},"modified":"2021-09-06T07:33:59","modified_gmt":"2021-09-06T06:33:59","slug":"nie-zauwazyla-rowerzysty-oslepilo-ja-slonce","status":"publish","type":"post","link":"https:\/\/ostrowskatv.pl\/?p=16482","title":{"rendered":"Nie zauwa\u017cy\u0142a rowerzysty. O\u015blepi\u0142o j\u0105 s\u0142o\u0144ce"},"content":{"rendered":"<p><strong>Oko\u0142o godziny 7 rano na drodze krajowej nr 36 dosz\u0142o do potr\u0105cenia rowerzysty. Oko\u0142o 35-letnia kobieta jecha\u0142a pod s\u0142o\u0144ce w kierunku Ostrowa Wielkopolskiego.<\/strong><\/p>\n<p>O jad\u0105cym przed ni\u0105 rowerzy\u015bcie dowiedzia\u0142a si\u0119 w chwili jego potr\u0105cenia. W rowerze odpad\u0142o tylne ko\u0142o. Osob\u00f3wka mia\u0142a urwane lusterko i \u015blady na boku.<\/p>\n<p>Oko\u0142o 45-letni m\u0119\u017cczyzna by\u0142 przytomny. W karetce za\u0142o\u017cono mu opatrune na g\u0142ow\u0119.<\/p>\n<p>Do zdarzenia poza policj\u0105 i karetk\u0105 wys\u0142ano tak\u017ce stra\u017cak\u00f3w z Ostrowa i Daniszyna. Ruch na drodze odbywa\u0142 si\u0119 wahad\u0142owo. <\/p>\n<p><img loading=\"lazy\" decoding=\"async\" src=\"http:\/\/ostrowska.tv\/wp-content\/uploads\/2021\/09\/20210906_071710-01.jpeg\" alt=\"\" width=\"1366\" height=\"769\" class=\"alignnone size-full wp-image-16483\" srcset=\"https:\/\/ostrowskatv.pl\/wp-content\/uploads\/2021\/09\/20210906_071710-01.jpeg 1366w, https:\/\/ostrowskatv.pl\/wp-content\/uploads\/2021\/09\/20210906_071710-01-300x169.jpeg 300w, https:\/\/ostrowskatv.pl\/wp-content\/uploads\/2021\/09\/20210906_071710-01-640x360.jpeg 640w\" sizes=\"auto, (max-width: 1366px) 100vw, 1366px\" \/><\/p>\n<p><img loading=\"lazy\" decoding=\"async\" src=\"http:\/\/ostrowska.tv\/wp-content\/uploads\/2021\/09\/20210906_072058-01.jpeg\" alt=\"\" width=\"1366\" height=\"769\" class=\"alignnone size-full wp-image-16484\" srcset=\"https:\/\/ostrowskatv.pl\/wp-content\/uploads\/2021\/09\/20210906_072058-01.jpeg 1366w, https:\/\/ostrowskatv.pl\/wp-content\/uploads\/2021\/09\/20210906_072058-01-300x169.jpeg 300w, https:\/\/ostrowskatv.pl\/wp-content\/uploads\/2021\/09\/20210906_072058-01-640x360.jpeg 640w\" sizes=\"auto, (max-width: 1366px) 100vw, 1366px\" \/><\/p>\n<p><img loading=\"lazy\" decoding=\"async\" src=\"http:\/\/ostrowska.tv\/wp-content\/uploads\/2021\/09\/20210906_072913-01.jpeg\" alt=\"\" width=\"1366\" height=\"769\" class=\"alignnone size-full wp-image-16485\" srcset=\"https:\/\/ostrowskatv.pl\/wp-content\/uploads\/2021\/09\/20210906_072913-01.jpeg 1366w, https:\/\/ostrowskatv.pl\/wp-content\/uploads\/2021\/09\/20210906_072913-01-300x169.jpeg 300w, https:\/\/ostrowskatv.pl\/wp-content\/uploads\/2021\/09\/20210906_072913-01-640x360.jpeg 640w\" sizes=\"auto, (max-width: 1366px) 100vw, 1366px\" \/><\/p>\n","protected":false},"excerpt":{"rendered":"Oko\u0142o godziny 7 rano na drodze krajowej nr 36 dosz\u0142o do potr\u0105cenia rowerzysty. Oko\u0142o 35-letnia kobieta jecha\u0142a pod s\u0142o\u0144ce w kierunku Ostrowa Wielkopolskiego. \n<a class=\"moretag\" href=\"https:\/\/ostrowskatv.pl\/?p=16482\"> [...]<\/a>","protected":false},"author":1,"featured_media":16486,"comment_status":"open","ping_status":"closed","sticky":false,"template":"","format":"standard","meta":{"footnotes":""},"categories":[1],"tags":[],"class_list":["post-16482","post","type-post","status-publish","format-standard","has-post-thumbnail","hentry","category-news"],"_links":{"self":[{"href":"https:\/\/ostrowskatv.pl\/index.php?rest_route=\/wp\/v2\/posts\/16482","targetHints":{"allow":["GET"]}}],"collection":[{"href":"https:\/\/ostrowskatv.pl\/index.php?rest_route=\/wp\/v2\/posts"}],"about":[{"href":"https:\/\/ostrowskatv.pl\/index.php?rest_route=\/wp\/v2\/types\/post"}],"author":[{"embeddable":true,"href":"https:\/\/ostrowskatv.pl\/index.php?rest_route=\/wp\/v2\/users\/1"}],"replies":[{"embeddable":true,"href":"https:\/\/ostrowskatv.pl\/index.php?rest_route=%2Fwp%2Fv2%2Fcomments&post=16482"}],"version-history":[{"count":0,"href":"https:\/\/ostrowskatv.pl\/index.php?rest_route=\/wp\/v2\/posts\/16482\/revisions"}],"wp:featuredmedia":[{"embeddable":true,"href":"https:\/\/ostrowskatv.pl\/index.php?rest_route=\/wp\/v2\/media\/16486"}],"wp:attachment":[{"href":"https:\/\/ostrowskatv.pl\/index.php?rest_route=%2Fwp%2Fv2%2Fmedia&parent=16482"}],"wp:term":[{"taxonomy":"category","embeddable":true,"href":"https:\/\/ostrowskatv.pl\/index.php?rest_route=%2Fwp%2Fv2%2Fcategories&post=16482"},{"taxonomy":"post_tag","embeddable":true,"href":"https:\/\/ostrowskatv.pl\/index.php?rest_route=%2Fwp%2Fv2%2Ftags&post=16482"}],"curies":[{"name":"wp","href":"https:\/\/api.w.org\/{rel}","templated":true}]}}