{"id":16442,"date":"2021-09-05T08:21:53","date_gmt":"2021-09-05T07:21:53","guid":{"rendered":"http:\/\/ostrowska.tv\/?p=16442"},"modified":"2021-09-05T08:21:53","modified_gmt":"2021-09-05T07:21:53","slug":"sasiedzi-zglosili-zadymienie-w-srodku-byl-lokator","status":"publish","type":"post","link":"https:\/\/ostrowskatv.pl\/?p=16442","title":{"rendered":"S\u0105siedzi zg\u0142osili zadymienie. W \u015brodku by\u0142 lokator"},"content":{"rendered":"<p><strong>Po godzinie 23 mieszka\u0144cy budynku wielorodzinnego przy ulicy Parkowej w Ostrowie Wielkopolskim wyczuli dym. Wezwali stra\u017cak\u00f3w, kt\u00f3rzy przyjechali trzema wozami.<\/strong><\/p>\n<p>Okno do mieszkania, z kt\u00f3rego wydobywa\u0142 si\u0119 dym by\u0142o ju\u017c otwarte. Wewn\u0105trz siedzia\u0142 m\u0119\u017cczyzna, ale nie byl to w\u0142a\u015bciciel. Tego, wed\u0142ug relacji s\u0105siad\u00f3w, nie ma od d\u0142u\u017cszego czasu, ale mia\u0142 zostawi\u0107 klucze kolegom.<\/p>\n<p>Po sprawdzeniu mieszkania okaza\u0142o si\u0119, \u017ce przyczyn\u0105 po\u017caru by\u0142a spalona potrawa na kuchence.<\/p>\n<p><img loading=\"lazy\" decoding=\"async\" src=\"http:\/\/ostrowska.tv\/wp-content\/uploads\/2021\/09\/20210904_233336-01.jpeg\" alt=\"\" width=\"1366\" height=\"769\" class=\"alignnone size-full wp-image-16443\" srcset=\"https:\/\/ostrowskatv.pl\/wp-content\/uploads\/2021\/09\/20210904_233336-01.jpeg 1366w, https:\/\/ostrowskatv.pl\/wp-content\/uploads\/2021\/09\/20210904_233336-01-300x169.jpeg 300w, https:\/\/ostrowskatv.pl\/wp-content\/uploads\/2021\/09\/20210904_233336-01-640x360.jpeg 640w\" sizes=\"auto, (max-width: 1366px) 100vw, 1366px\" \/><\/p>\n<p><img loading=\"lazy\" decoding=\"async\" src=\"http:\/\/ostrowska.tv\/wp-content\/uploads\/2021\/09\/20210904_233415-01.jpeg\" alt=\"\" width=\"1366\" height=\"769\" class=\"alignnone size-full wp-image-16444\" srcset=\"https:\/\/ostrowskatv.pl\/wp-content\/uploads\/2021\/09\/20210904_233415-01.jpeg 1366w, https:\/\/ostrowskatv.pl\/wp-content\/uploads\/2021\/09\/20210904_233415-01-300x169.jpeg 300w, https:\/\/ostrowskatv.pl\/wp-content\/uploads\/2021\/09\/20210904_233415-01-640x360.jpeg 640w\" sizes=\"auto, (max-width: 1366px) 100vw, 1366px\" \/><\/p>\n<p><img loading=\"lazy\" decoding=\"async\" src=\"http:\/\/ostrowska.tv\/wp-content\/uploads\/2021\/09\/20210904_233418-01.jpeg\" alt=\"\" width=\"1366\" height=\"769\" class=\"alignnone size-full wp-image-16445\" srcset=\"https:\/\/ostrowskatv.pl\/wp-content\/uploads\/2021\/09\/20210904_233418-01.jpeg 1366w, https:\/\/ostrowskatv.pl\/wp-content\/uploads\/2021\/09\/20210904_233418-01-300x169.jpeg 300w, https:\/\/ostrowskatv.pl\/wp-content\/uploads\/2021\/09\/20210904_233418-01-640x360.jpeg 640w\" sizes=\"auto, (max-width: 1366px) 100vw, 1366px\" \/><\/p>\n<p><img loading=\"lazy\" decoding=\"async\" src=\"http:\/\/ostrowska.tv\/wp-content\/uploads\/2021\/09\/20210904_235441-01.jpeg\" alt=\"\" width=\"1366\" height=\"769\" class=\"alignnone size-full wp-image-16446\" srcset=\"https:\/\/ostrowskatv.pl\/wp-content\/uploads\/2021\/09\/20210904_235441-01.jpeg 1366w, https:\/\/ostrowskatv.pl\/wp-content\/uploads\/2021\/09\/20210904_235441-01-300x169.jpeg 300w, https:\/\/ostrowskatv.pl\/wp-content\/uploads\/2021\/09\/20210904_235441-01-640x360.jpeg 640w\" sizes=\"auto, (max-width: 1366px) 100vw, 1366px\" \/><\/p>\n","protected":false},"excerpt":{"rendered":"Po godzinie 23 mieszka\u0144cy budynku wielorodzinnego przy ulicy Parkowej w Ostrowie Wielkopolskim wyczuli dym. Wezwali stra\u017cak\u00f3w, kt\u00f3rzy przyjechali trzema wozami. Okno do mieszkania, \n<a class=\"moretag\" href=\"https:\/\/ostrowskatv.pl\/?p=16442\"> [...]<\/a>","protected":false},"author":1,"featured_media":16445,"comment_status":"open","ping_status":"closed","sticky":false,"template":"","format":"standard","meta":{"footnotes":""},"categories":[1],"tags":[7],"class_list":["post-16442","post","type-post","status-publish","format-standard","has-post-thumbnail","hentry","category-news","tag-pozar"],"_links":{"self":[{"href":"https:\/\/ostrowskatv.pl\/index.php?rest_route=\/wp\/v2\/posts\/16442","targetHints":{"allow":["GET"]}}],"collection":[{"href":"https:\/\/ostrowskatv.pl\/index.php?rest_route=\/wp\/v2\/posts"}],"about":[{"href":"https:\/\/ostrowskatv.pl\/index.php?rest_route=\/wp\/v2\/types\/post"}],"author":[{"embeddable":true,"href":"https:\/\/ostrowskatv.pl\/index.php?rest_route=\/wp\/v2\/users\/1"}],"replies":[{"embeddable":true,"href":"https:\/\/ostrowskatv.pl\/index.php?rest_route=%2Fwp%2Fv2%2Fcomments&post=16442"}],"version-history":[{"count":0,"href":"https:\/\/ostrowskatv.pl\/index.php?rest_route=\/wp\/v2\/posts\/16442\/revisions"}],"wp:featuredmedia":[{"embeddable":true,"href":"https:\/\/ostrowskatv.pl\/index.php?rest_route=\/wp\/v2\/media\/16445"}],"wp:attachment":[{"href":"https:\/\/ostrowskatv.pl\/index.php?rest_route=%2Fwp%2Fv2%2Fmedia&parent=16442"}],"wp:term":[{"taxonomy":"category","embeddable":true,"href":"https:\/\/ostrowskatv.pl\/index.php?rest_route=%2Fwp%2Fv2%2Fcategories&post=16442"},{"taxonomy":"post_tag","embeddable":true,"href":"https:\/\/ostrowskatv.pl\/index.php?rest_route=%2Fwp%2Fv2%2Ftags&post=16442"}],"curies":[{"name":"wp","href":"https:\/\/api.w.org\/{rel}","templated":true}]}}