{"id":16403,"date":"2021-08-27T10:47:26","date_gmt":"2021-08-27T09:47:26","guid":{"rendered":"http:\/\/ostrowska.tv\/?p=16403"},"modified":"2021-08-27T10:47:26","modified_gmt":"2021-08-27T09:47:26","slug":"przez-smietnik-doszlo-do-powaznej-kolizji","status":"publish","type":"post","link":"https:\/\/ostrowskatv.pl\/?p=16403","title":{"rendered":"Przez \u015bmietnik dosz\u0142o do powa\u017cnej kolizji"},"content":{"rendered":"<p><strong>W nocy w miejscowo\u015bci Daniszyn (trasa Ostr\u00f3w Wlkp. &#8211; Krotoszyn) dosz\u0142o do niebezpiecznej sytuacji na drodze krajowej nr 36. Wszystko przez 120 litrowy \u015bmietnik, kt\u00f3ry znalaz\u0142 si\u0119 na pasie jezdni.<\/strong><\/p>\n<p>Z naszych ustale\u0144 wynika, \u017ce oko\u0142o godz. 2 w nocy poinformowano s\u0142u\u017cby o m\u0119\u017cczy\u017anie, kt\u00f3ry wyrzuca r\u00f3\u017cne przedmioty na drog\u0119. Policjantom nie uda\u0142o si\u0119 zlokalizowa\u0107 podejrzanego. 2,5 godziny p\u00f3\u017aniej kierowca volkswagena transportera nie zauwa\u017cy\u0142 \u015bmietnika 120 litrowego. Kiedy by\u0142o ju\u017c za p\u00f3\u017ano odbi\u0142 i uderzy\u0142 w hyundaia wyje\u017cd\u017caj\u0105cego z posesji. Szcz\u0119\u015bliwie nikt nie odni\u00f3s\u0142 powa\u017cnych obra\u017ce\u0144.<\/p>\n<p>M\u0119\u017cczyzna jest ju\u017c znany policji i ma problem z substancjami odurzaj\u0105cymi. Najprawdopodobniej zosta\u0142 ju\u017c zatrzymany.<\/p>\n","protected":false},"excerpt":{"rendered":"W nocy w miejscowo\u015bci Daniszyn (trasa Ostr\u00f3w Wlkp. &#8211; Krotoszyn) dosz\u0142o do niebezpiecznej sytuacji na drodze krajowej nr 36. Wszystko przez 120 litrowy \n<a class=\"moretag\" href=\"https:\/\/ostrowskatv.pl\/?p=16403\"> [...]<\/a>","protected":false},"author":1,"featured_media":16346,"comment_status":"open","ping_status":"closed","sticky":false,"template":"","format":"standard","meta":{"footnotes":""},"categories":[1],"tags":[182],"class_list":["post-16403","post","type-post","status-publish","format-standard","has-post-thumbnail","hentry","category-news","tag-daniszyn"],"_links":{"self":[{"href":"https:\/\/ostrowskatv.pl\/index.php?rest_route=\/wp\/v2\/posts\/16403","targetHints":{"allow":["GET"]}}],"collection":[{"href":"https:\/\/ostrowskatv.pl\/index.php?rest_route=\/wp\/v2\/posts"}],"about":[{"href":"https:\/\/ostrowskatv.pl\/index.php?rest_route=\/wp\/v2\/types\/post"}],"author":[{"embeddable":true,"href":"https:\/\/ostrowskatv.pl\/index.php?rest_route=\/wp\/v2\/users\/1"}],"replies":[{"embeddable":true,"href":"https:\/\/ostrowskatv.pl\/index.php?rest_route=%2Fwp%2Fv2%2Fcomments&post=16403"}],"version-history":[{"count":0,"href":"https:\/\/ostrowskatv.pl\/index.php?rest_route=\/wp\/v2\/posts\/16403\/revisions"}],"wp:featuredmedia":[{"embeddable":true,"href":"https:\/\/ostrowskatv.pl\/index.php?rest_route=\/wp\/v2\/media\/16346"}],"wp:attachment":[{"href":"https:\/\/ostrowskatv.pl\/index.php?rest_route=%2Fwp%2Fv2%2Fmedia&parent=16403"}],"wp:term":[{"taxonomy":"category","embeddable":true,"href":"https:\/\/ostrowskatv.pl\/index.php?rest_route=%2Fwp%2Fv2%2Fcategories&post=16403"},{"taxonomy":"post_tag","embeddable":true,"href":"https:\/\/ostrowskatv.pl\/index.php?rest_route=%2Fwp%2Fv2%2Ftags&post=16403"}],"curies":[{"name":"wp","href":"https:\/\/api.w.org\/{rel}","templated":true}]}}