{"id":16393,"date":"2021-08-25T16:56:16","date_gmt":"2021-08-25T15:56:16","guid":{"rendered":"http:\/\/ostrowska.tv\/?p=16393"},"modified":"2021-08-25T16:56:16","modified_gmt":"2021-08-25T15:56:16","slug":"pozar-mitsubishi-w-garazu-zdjecia","status":"publish","type":"post","link":"https:\/\/ostrowskatv.pl\/?p=16393","title":{"rendered":"Po\u017car mitsubishi w gara\u017cu (zdj\u0119cia)"},"content":{"rendered":"<p><strong>Stra\u017c po\u017carna zosta\u0142a wezwana do po\u017caru budynku gospodarczego przy ulicy Wo\u017anej w Ostrowie Wielkopolskim. Na miejscu okaza\u0142o si\u0119, \u017ce p\u0142omienie wychodz\u0105 z otwartego gara\u017cu, w kt\u00f3rym sta\u0142o zaparkowane mitsubishi.<\/strong><\/p>\n<p>Stra\u017cakom uda\u0142o si\u0119 uratowa\u0107 cz\u0119\u015b\u0107 auta i zapobiec przedostaniu si\u0119 ognia na g\u00f3rn\u0105 kondygnacj\u0119 budynku. W zdarzeniu nikt nie ucierpia\u0142. Do akcji zadysponowano tak\u017ce Ochotnicz\u0105 Stra\u017c Po\u017carn\u0105, kt\u00f3ra przyjecha\u0142a w sk\u0142adzie 3-osobowym jak ju\u017c wszystko by\u0142o ugaszone.<\/p>\n<p><img loading=\"lazy\" decoding=\"async\" src=\"http:\/\/ostrowska.tv\/wp-content\/uploads\/2021\/08\/wozna4.jpg\" alt=\"\" width=\"1333\" height=\"750\" class=\"alignnone size-full wp-image-16394\" srcset=\"https:\/\/ostrowskatv.pl\/wp-content\/uploads\/2021\/08\/wozna4.jpg 1333w, https:\/\/ostrowskatv.pl\/wp-content\/uploads\/2021\/08\/wozna4-300x169.jpg 300w, https:\/\/ostrowskatv.pl\/wp-content\/uploads\/2021\/08\/wozna4-640x360.jpg 640w\" sizes=\"auto, (max-width: 1333px) 100vw, 1333px\" \/><\/p>\n<p><img loading=\"lazy\" decoding=\"async\" src=\"http:\/\/ostrowska.tv\/wp-content\/uploads\/2021\/08\/wozna3.jpg\" alt=\"\" width=\"1333\" height=\"750\" class=\"alignnone size-full wp-image-16395\" srcset=\"https:\/\/ostrowskatv.pl\/wp-content\/uploads\/2021\/08\/wozna3.jpg 1333w, https:\/\/ostrowskatv.pl\/wp-content\/uploads\/2021\/08\/wozna3-300x169.jpg 300w, https:\/\/ostrowskatv.pl\/wp-content\/uploads\/2021\/08\/wozna3-640x360.jpg 640w\" sizes=\"auto, (max-width: 1333px) 100vw, 1333px\" \/><\/p>\n<p><img loading=\"lazy\" decoding=\"async\" src=\"http:\/\/ostrowska.tv\/wp-content\/uploads\/2021\/08\/wozna2.jpg\" alt=\"\" width=\"1333\" height=\"751\" class=\"alignnone size-full wp-image-16396\" srcset=\"https:\/\/ostrowskatv.pl\/wp-content\/uploads\/2021\/08\/wozna2.jpg 1333w, https:\/\/ostrowskatv.pl\/wp-content\/uploads\/2021\/08\/wozna2-300x169.jpg 300w, https:\/\/ostrowskatv.pl\/wp-content\/uploads\/2021\/08\/wozna2-640x360.jpg 640w, https:\/\/ostrowskatv.pl\/wp-content\/uploads\/2021\/08\/wozna2-388x220.jpg 388w\" sizes=\"auto, (max-width: 1333px) 100vw, 1333px\" \/><\/p>\n<p><img loading=\"lazy\" decoding=\"async\" src=\"http:\/\/ostrowska.tv\/wp-content\/uploads\/2021\/08\/wozna1.jpg\" alt=\"\" width=\"1333\" height=\"811\" class=\"alignnone size-full wp-image-16397\" srcset=\"https:\/\/ostrowskatv.pl\/wp-content\/uploads\/2021\/08\/wozna1.jpg 1333w, https:\/\/ostrowskatv.pl\/wp-content\/uploads\/2021\/08\/wozna1-300x183.jpg 300w, https:\/\/ostrowskatv.pl\/wp-content\/uploads\/2021\/08\/wozna1-592x360.jpg 592w\" sizes=\"auto, (max-width: 1333px) 100vw, 1333px\" \/><\/p>\n","protected":false},"excerpt":{"rendered":"Stra\u017c po\u017carna zosta\u0142a wezwana do po\u017caru budynku gospodarczego przy ulicy Wo\u017anej w Ostrowie Wielkopolskim. Na miejscu okaza\u0142o si\u0119, \u017ce p\u0142omienie wychodz\u0105 z otwartego \n<a class=\"moretag\" href=\"https:\/\/ostrowskatv.pl\/?p=16393\"> [...]<\/a>","protected":false},"author":1,"featured_media":16395,"comment_status":"open","ping_status":"closed","sticky":false,"template":"","format":"standard","meta":{"footnotes":""},"categories":[1],"tags":[2],"class_list":["post-16393","post","type-post","status-publish","format-standard","has-post-thumbnail","hentry","category-news","tag-ostrow-wielkopolski"],"_links":{"self":[{"href":"https:\/\/ostrowskatv.pl\/index.php?rest_route=\/wp\/v2\/posts\/16393","targetHints":{"allow":["GET"]}}],"collection":[{"href":"https:\/\/ostrowskatv.pl\/index.php?rest_route=\/wp\/v2\/posts"}],"about":[{"href":"https:\/\/ostrowskatv.pl\/index.php?rest_route=\/wp\/v2\/types\/post"}],"author":[{"embeddable":true,"href":"https:\/\/ostrowskatv.pl\/index.php?rest_route=\/wp\/v2\/users\/1"}],"replies":[{"embeddable":true,"href":"https:\/\/ostrowskatv.pl\/index.php?rest_route=%2Fwp%2Fv2%2Fcomments&post=16393"}],"version-history":[{"count":0,"href":"https:\/\/ostrowskatv.pl\/index.php?rest_route=\/wp\/v2\/posts\/16393\/revisions"}],"wp:featuredmedia":[{"embeddable":true,"href":"https:\/\/ostrowskatv.pl\/index.php?rest_route=\/wp\/v2\/media\/16395"}],"wp:attachment":[{"href":"https:\/\/ostrowskatv.pl\/index.php?rest_route=%2Fwp%2Fv2%2Fmedia&parent=16393"}],"wp:term":[{"taxonomy":"category","embeddable":true,"href":"https:\/\/ostrowskatv.pl\/index.php?rest_route=%2Fwp%2Fv2%2Fcategories&post=16393"},{"taxonomy":"post_tag","embeddable":true,"href":"https:\/\/ostrowskatv.pl\/index.php?rest_route=%2Fwp%2Fv2%2Ftags&post=16393"}],"curies":[{"name":"wp","href":"https:\/\/api.w.org\/{rel}","templated":true}]}}