{"id":1638,"date":"2016-06-09T18:44:46","date_gmt":"2016-06-09T17:44:46","guid":{"rendered":"http:\/\/ostrowska.tv\/?p=1638"},"modified":"2016-06-09T18:44:46","modified_gmt":"2016-06-09T17:44:46","slug":"strefa-kibica-na-euro-znamy-kolejne-szczegoly","status":"publish","type":"post","link":"https:\/\/ostrowskatv.pl\/?p=1638","title":{"rendered":"Strefa kibica na EURO. Znamy kolejne szczeg\u00f3\u0142y"},"content":{"rendered":"<p><strong>Jak ju\u017c wcze\u015bniej informowali\u015bmy, strefa kibica na EURO 2016 b\u0119dzie zlokalizowana na ostrowskich Piaskach. Znamy kolejne szczeg\u00f3\u0142y dotycz\u0105ce jej funkcjonowania.<\/strong><\/p>\n<p>Najwa\u017cniejsza informacja \u2013 organizatorzy planuj\u0105 otwarcie strefy kibica ju\u017c o godzinie 16:00. Godzin\u0119 p\u00f3\u017aniej b\u0119d\u0105 odbywa\u0107 si\u0119 ju\u017c konkursy dla fan\u00f3w. O 18:00 rozpocznie si\u0119 mecz Polak\u00f3w z Irlandi\u0105 P\u00f3\u0142nocn\u0105.<\/p>\n<p>Warto r\u00f3wnie\u017c podkre\u015bli\u0107, \u017ce po zako\u0144czeniu spotkania reprezentacji Polski b\u0119dzie mo\u017cna obejrze\u0107 drugi mecz, w kt\u00f3rym zmierz\u0105 si\u0119 dwie pozosta\u0142e dru\u017cyny z naszej grupy &#8211; Niemcy i Ukraina. W strefie ma by\u0107 przygotowanych oko\u0142o 400 miejsc siedz\u0105cych.<\/p>\n<p>Wielu ostrowian mo\u017ce interesowa\u0107 cena piwa. Jak uda\u0142o nam si\u0119 ustali\u0107, b\u0119dzie ono kosztowa\u0107 oko\u0142o 5 z\u0142.<\/p>\n","protected":false},"excerpt":{"rendered":"Jak ju\u017c wcze\u015bniej informowali\u015bmy, strefa kibica na EURO 2016 b\u0119dzie zlokalizowana na ostrowskich Piaskach. Znamy kolejne szczeg\u00f3\u0142y dotycz\u0105ce jej funkcjonowania. Najwa\u017cniejsza informacja \u2013 \n<a class=\"moretag\" href=\"https:\/\/ostrowskatv.pl\/?p=1638\"> [...]<\/a>","protected":false},"author":1,"featured_media":1517,"comment_status":"open","ping_status":"open","sticky":false,"template":"","format":"standard","meta":{"footnotes":""},"categories":[1],"tags":[2],"class_list":["post-1638","post","type-post","status-publish","format-standard","has-post-thumbnail","hentry","category-news","tag-ostrow-wielkopolski"],"_links":{"self":[{"href":"https:\/\/ostrowskatv.pl\/index.php?rest_route=\/wp\/v2\/posts\/1638","targetHints":{"allow":["GET"]}}],"collection":[{"href":"https:\/\/ostrowskatv.pl\/index.php?rest_route=\/wp\/v2\/posts"}],"about":[{"href":"https:\/\/ostrowskatv.pl\/index.php?rest_route=\/wp\/v2\/types\/post"}],"author":[{"embeddable":true,"href":"https:\/\/ostrowskatv.pl\/index.php?rest_route=\/wp\/v2\/users\/1"}],"replies":[{"embeddable":true,"href":"https:\/\/ostrowskatv.pl\/index.php?rest_route=%2Fwp%2Fv2%2Fcomments&post=1638"}],"version-history":[{"count":0,"href":"https:\/\/ostrowskatv.pl\/index.php?rest_route=\/wp\/v2\/posts\/1638\/revisions"}],"wp:featuredmedia":[{"embeddable":true,"href":"https:\/\/ostrowskatv.pl\/index.php?rest_route=\/wp\/v2\/media\/1517"}],"wp:attachment":[{"href":"https:\/\/ostrowskatv.pl\/index.php?rest_route=%2Fwp%2Fv2%2Fmedia&parent=1638"}],"wp:term":[{"taxonomy":"category","embeddable":true,"href":"https:\/\/ostrowskatv.pl\/index.php?rest_route=%2Fwp%2Fv2%2Fcategories&post=1638"},{"taxonomy":"post_tag","embeddable":true,"href":"https:\/\/ostrowskatv.pl\/index.php?rest_route=%2Fwp%2Fv2%2Ftags&post=1638"}],"curies":[{"name":"wp","href":"https:\/\/api.w.org\/{rel}","templated":true}]}}