{"id":16376,"date":"2021-08-23T09:19:00","date_gmt":"2021-08-23T08:19:00","guid":{"rendered":"http:\/\/ostrowska.tv\/?p=16376"},"modified":"2021-08-23T09:19:00","modified_gmt":"2021-08-23T08:19:00","slug":"ledwo-wyjechali-na-wakacje-w-srodku-byla-3-dzieci","status":"publish","type":"post","link":"https:\/\/ostrowskatv.pl\/?p=16376","title":{"rendered":"Ledwo wyjechali na wakacje. W \u015brodku by\u0142a 3 dzieci"},"content":{"rendered":"<p><strong>5 osobowa rodzina, w tym troje dzieci, wyje\u017cd\u017ca\u0142o na wakacje na po\u0142udnie Polski. W Przygodzicach m\u0119\u017cczyzna kieruj\u0105c fordem galaxy postanowi\u0142 skr\u0119ci\u0107 w lewo do piekarni. Kierowca ci\u0119\u017car\u00f3wki nie zachowa\u0142 bezpiecznego odst\u0119pu i wjecha\u0142 w ty\u0142 osob\u00f3wki. <\/strong><\/p>\n<p>Na miejsce wys\u0142ano policj\u0119, karetk\u0119 i jednostk\u0119 stra\u017cy po\u017carnej z Przygodzic. Na dolegliwo\u015bci b\u00f3lowe uskar\u017cali si\u0119 pasa\u017cerowie. Ich stan by\u0142 dobry. Poszkodowany kierowca z Forda przyzna\u0142, \u017ce niedawno jechali w tras\u0119 i dzieci siedzia\u0142y na tylnych fotelach. Jego zdaniem wtedy by\u0142aby du\u017co wi\u0119ksza tragedia, gdyby dosz\u0142o do podobnego zderzenia.<\/p>\n<p>Sprawc\u0105 okaza\u0142 si\u0119 oko\u0142o 30-letni m\u0119\u017cczyzna zatrudniony w firmie z powiatu ostrzeszowskiego.<\/p>\n<p><img loading=\"lazy\" decoding=\"async\" src=\"http:\/\/ostrowska.tv\/wp-content\/uploads\/2021\/08\/20210823_093609-01.jpeg\" alt=\"\" width=\"1366\" height=\"769\" class=\"alignnone size-full wp-image-16377\" srcset=\"https:\/\/ostrowskatv.pl\/wp-content\/uploads\/2021\/08\/20210823_093609-01.jpeg 1366w, https:\/\/ostrowskatv.pl\/wp-content\/uploads\/2021\/08\/20210823_093609-01-300x169.jpeg 300w, https:\/\/ostrowskatv.pl\/wp-content\/uploads\/2021\/08\/20210823_093609-01-640x360.jpeg 640w\" sizes=\"auto, (max-width: 1366px) 100vw, 1366px\" \/><\/p>\n<p><img loading=\"lazy\" decoding=\"async\" src=\"http:\/\/ostrowska.tv\/wp-content\/uploads\/2021\/08\/20210823_093715-01.jpeg\" alt=\"\" width=\"1366\" height=\"791\" class=\"alignnone size-full wp-image-16378\" srcset=\"https:\/\/ostrowskatv.pl\/wp-content\/uploads\/2021\/08\/20210823_093715-01.jpeg 1366w, https:\/\/ostrowskatv.pl\/wp-content\/uploads\/2021\/08\/20210823_093715-01-300x174.jpeg 300w, https:\/\/ostrowskatv.pl\/wp-content\/uploads\/2021\/08\/20210823_093715-01-622x360.jpeg 622w\" sizes=\"auto, (max-width: 1366px) 100vw, 1366px\" \/><\/p>\n<p><img loading=\"lazy\" decoding=\"async\" src=\"http:\/\/ostrowska.tv\/wp-content\/uploads\/2021\/08\/20210823_093720-01.jpeg\" alt=\"\" width=\"1366\" height=\"848\" class=\"alignnone size-full wp-image-16379\" srcset=\"https:\/\/ostrowskatv.pl\/wp-content\/uploads\/2021\/08\/20210823_093720-01.jpeg 1366w, https:\/\/ostrowskatv.pl\/wp-content\/uploads\/2021\/08\/20210823_093720-01-300x186.jpeg 300w, https:\/\/ostrowskatv.pl\/wp-content\/uploads\/2021\/08\/20210823_093720-01-580x360.jpeg 580w\" sizes=\"auto, (max-width: 1366px) 100vw, 1366px\" \/><\/p>\n<p><img loading=\"lazy\" decoding=\"async\" src=\"http:\/\/ostrowska.tv\/wp-content\/uploads\/2021\/08\/20210823_093748-01.jpeg\" alt=\"\" width=\"1366\" height=\"769\" class=\"alignnone size-full wp-image-16380\" srcset=\"https:\/\/ostrowskatv.pl\/wp-content\/uploads\/2021\/08\/20210823_093748-01.jpeg 1366w, https:\/\/ostrowskatv.pl\/wp-content\/uploads\/2021\/08\/20210823_093748-01-300x169.jpeg 300w, https:\/\/ostrowskatv.pl\/wp-content\/uploads\/2021\/08\/20210823_093748-01-640x360.jpeg 640w\" sizes=\"auto, (max-width: 1366px) 100vw, 1366px\" \/><\/p>\n","protected":false},"excerpt":{"rendered":"5 osobowa rodzina, w tym troje dzieci, wyje\u017cd\u017ca\u0142o na wakacje na po\u0142udnie Polski. W Przygodzicach m\u0119\u017cczyzna kieruj\u0105c fordem galaxy postanowi\u0142 skr\u0119ci\u0107 w lewo \n<a class=\"moretag\" href=\"https:\/\/ostrowskatv.pl\/?p=16376\"> [...]<\/a>","protected":false},"author":1,"featured_media":16380,"comment_status":"open","ping_status":"closed","sticky":false,"template":"","format":"standard","meta":{"footnotes":""},"categories":[1],"tags":[11],"class_list":["post-16376","post","type-post","status-publish","format-standard","has-post-thumbnail","hentry","category-news","tag-wypadek"],"_links":{"self":[{"href":"https:\/\/ostrowskatv.pl\/index.php?rest_route=\/wp\/v2\/posts\/16376","targetHints":{"allow":["GET"]}}],"collection":[{"href":"https:\/\/ostrowskatv.pl\/index.php?rest_route=\/wp\/v2\/posts"}],"about":[{"href":"https:\/\/ostrowskatv.pl\/index.php?rest_route=\/wp\/v2\/types\/post"}],"author":[{"embeddable":true,"href":"https:\/\/ostrowskatv.pl\/index.php?rest_route=\/wp\/v2\/users\/1"}],"replies":[{"embeddable":true,"href":"https:\/\/ostrowskatv.pl\/index.php?rest_route=%2Fwp%2Fv2%2Fcomments&post=16376"}],"version-history":[{"count":0,"href":"https:\/\/ostrowskatv.pl\/index.php?rest_route=\/wp\/v2\/posts\/16376\/revisions"}],"wp:featuredmedia":[{"embeddable":true,"href":"https:\/\/ostrowskatv.pl\/index.php?rest_route=\/wp\/v2\/media\/16380"}],"wp:attachment":[{"href":"https:\/\/ostrowskatv.pl\/index.php?rest_route=%2Fwp%2Fv2%2Fmedia&parent=16376"}],"wp:term":[{"taxonomy":"category","embeddable":true,"href":"https:\/\/ostrowskatv.pl\/index.php?rest_route=%2Fwp%2Fv2%2Fcategories&post=16376"},{"taxonomy":"post_tag","embeddable":true,"href":"https:\/\/ostrowskatv.pl\/index.php?rest_route=%2Fwp%2Fv2%2Ftags&post=16376"}],"curies":[{"name":"wp","href":"https:\/\/api.w.org\/{rel}","templated":true}]}}