{"id":1635,"date":"2016-06-09T16:47:10","date_gmt":"2016-06-09T15:47:10","guid":{"rendered":"http:\/\/ostrowska.tv\/?p=1635"},"modified":"2016-06-09T17:19:06","modified_gmt":"2016-06-09T16:19:06","slug":"ostrow-mowi-euro-2016","status":"publish","type":"post","link":"https:\/\/ostrowskatv.pl\/?p=1635","title":{"rendered":"Ostr\u00f3w m\u00f3wi: EURO 2016"},"content":{"rendered":"<p><strong>Zbli\u017caj\u0105 si\u0119 mistrzostwa Europy w pi\u0142ce no\u017cnej, na kt\u00f3re czeka ca\u0142a Polska. W niedziel\u0119 dru\u017cyna Adama Nawa\u0142ki rozegra swoje pierwsze spotkanie we Francji. Jej rywalem b\u0119dzie Irlandia P\u00f3\u0142nocna.<\/strong><\/p>\n<p>Nast\u0119pnie Polacy zmierz\u0105 si\u0119 z Niemcami. Ich ostatnim grupowym rywalem b\u0119dzie Ukraina. Wszystkie spotkania b\u0119dzie mo\u017cna obejrze\u0107 w domowym zaciszu lub emocjonowa\u0107 si\u0119 nimi na terenie Piask\u00f3w wraz z innymi ostrowianami. Co zamierzaj\u0105 wybra\u0107 mieszka\u0144cy naszego miasta? Jak oceniaj\u0105 szans\u0119 naszych pi\u0142karzy?<\/p>\n<p>Odpowiedzi na te pytania znajduj\u0105 si\u0119 w poni\u017cszym materiale wideo. Zach\u0119camy do ogl\u0105dania i wyra\u017cania swoich opinii w komentarzach.<\/p>\n<p><iframe loading=\"lazy\" width=\"640\" height=\"360\" src=\"https:\/\/www.youtube.com\/embed\/uc8Xhn3mGm8\" frameborder=\"0\" allowfullscreen><\/iframe><\/p>\n","protected":false},"excerpt":{"rendered":"Zbli\u017caj\u0105 si\u0119 mistrzostwa Europy w pi\u0142ce no\u017cnej, na kt\u00f3re czeka ca\u0142a Polska. W niedziel\u0119 dru\u017cyna Adama Nawa\u0142ki rozegra swoje pierwsze spotkanie we Francji. \n<a class=\"moretag\" href=\"https:\/\/ostrowskatv.pl\/?p=1635\"> [...]<\/a>","protected":false},"author":1,"featured_media":1517,"comment_status":"open","ping_status":"open","sticky":false,"template":"","format":"standard","meta":{"footnotes":""},"categories":[1],"tags":[2],"class_list":["post-1635","post","type-post","status-publish","format-standard","has-post-thumbnail","hentry","category-news","tag-ostrow-wielkopolski"],"_links":{"self":[{"href":"https:\/\/ostrowskatv.pl\/index.php?rest_route=\/wp\/v2\/posts\/1635","targetHints":{"allow":["GET"]}}],"collection":[{"href":"https:\/\/ostrowskatv.pl\/index.php?rest_route=\/wp\/v2\/posts"}],"about":[{"href":"https:\/\/ostrowskatv.pl\/index.php?rest_route=\/wp\/v2\/types\/post"}],"author":[{"embeddable":true,"href":"https:\/\/ostrowskatv.pl\/index.php?rest_route=\/wp\/v2\/users\/1"}],"replies":[{"embeddable":true,"href":"https:\/\/ostrowskatv.pl\/index.php?rest_route=%2Fwp%2Fv2%2Fcomments&post=1635"}],"version-history":[{"count":0,"href":"https:\/\/ostrowskatv.pl\/index.php?rest_route=\/wp\/v2\/posts\/1635\/revisions"}],"wp:featuredmedia":[{"embeddable":true,"href":"https:\/\/ostrowskatv.pl\/index.php?rest_route=\/wp\/v2\/media\/1517"}],"wp:attachment":[{"href":"https:\/\/ostrowskatv.pl\/index.php?rest_route=%2Fwp%2Fv2%2Fmedia&parent=1635"}],"wp:term":[{"taxonomy":"category","embeddable":true,"href":"https:\/\/ostrowskatv.pl\/index.php?rest_route=%2Fwp%2Fv2%2Fcategories&post=1635"},{"taxonomy":"post_tag","embeddable":true,"href":"https:\/\/ostrowskatv.pl\/index.php?rest_route=%2Fwp%2Fv2%2Ftags&post=1635"}],"curies":[{"name":"wp","href":"https:\/\/api.w.org\/{rel}","templated":true}]}}