{"id":16341,"date":"2021-08-19T18:05:49","date_gmt":"2021-08-19T17:05:49","guid":{"rendered":"http:\/\/ostrowska.tv\/?p=16341"},"modified":"2021-08-19T18:06:11","modified_gmt":"2021-08-19T17:06:11","slug":"pozar-w-domu-na-malkowskiej","status":"publish","type":"post","link":"https:\/\/ostrowskatv.pl\/?p=16341","title":{"rendered":"Po\u017car w domu przy ul. Ma\u0142kowskiej"},"content":{"rendered":"<p><strong>O godzinie 17.30 zauwa\u017cono po\u017car w domu przy ulicy Olgi Ma\u0142kowskiej w Ostrowie Wielkopolskim. Na miejsce wys\u0142ano 2 wozy ga\u015bnicze oraz podno\u015bnik. Faktycznie ogie\u0144 obejmowa\u0142 jedno pomieszczenie w domu jednorodzinnym.<\/strong><\/p>\n<p>Okaza\u0142o si\u0119, \u017ce najprawdopodobniej dosz\u0142o do zwarcia w urz\u0105dzeniu elektrycznym stoj\u0105cym przy biurku. Stra\u017cacy ugasili po\u017car i przewietrzyli dom.<\/p>\n","protected":false},"excerpt":{"rendered":"O godzinie 17.30 zauwa\u017cono po\u017car w domu przy ulicy Olgi Ma\u0142kowskiej w Ostrowie Wielkopolskim. Na miejsce wys\u0142ano 2 wozy ga\u015bnicze oraz podno\u015bnik. Faktycznie \n<a class=\"moretag\" href=\"https:\/\/ostrowskatv.pl\/?p=16341\"> [...]<\/a>","protected":false},"author":1,"featured_media":16340,"comment_status":"open","ping_status":"closed","sticky":false,"template":"","format":"standard","meta":{"footnotes":""},"categories":[1],"tags":[2],"class_list":["post-16341","post","type-post","status-publish","format-standard","has-post-thumbnail","hentry","category-news","tag-ostrow-wielkopolski"],"_links":{"self":[{"href":"https:\/\/ostrowskatv.pl\/index.php?rest_route=\/wp\/v2\/posts\/16341","targetHints":{"allow":["GET"]}}],"collection":[{"href":"https:\/\/ostrowskatv.pl\/index.php?rest_route=\/wp\/v2\/posts"}],"about":[{"href":"https:\/\/ostrowskatv.pl\/index.php?rest_route=\/wp\/v2\/types\/post"}],"author":[{"embeddable":true,"href":"https:\/\/ostrowskatv.pl\/index.php?rest_route=\/wp\/v2\/users\/1"}],"replies":[{"embeddable":true,"href":"https:\/\/ostrowskatv.pl\/index.php?rest_route=%2Fwp%2Fv2%2Fcomments&post=16341"}],"version-history":[{"count":0,"href":"https:\/\/ostrowskatv.pl\/index.php?rest_route=\/wp\/v2\/posts\/16341\/revisions"}],"wp:featuredmedia":[{"embeddable":true,"href":"https:\/\/ostrowskatv.pl\/index.php?rest_route=\/wp\/v2\/media\/16340"}],"wp:attachment":[{"href":"https:\/\/ostrowskatv.pl\/index.php?rest_route=%2Fwp%2Fv2%2Fmedia&parent=16341"}],"wp:term":[{"taxonomy":"category","embeddable":true,"href":"https:\/\/ostrowskatv.pl\/index.php?rest_route=%2Fwp%2Fv2%2Fcategories&post=16341"},{"taxonomy":"post_tag","embeddable":true,"href":"https:\/\/ostrowskatv.pl\/index.php?rest_route=%2Fwp%2Fv2%2Ftags&post=16341"}],"curies":[{"name":"wp","href":"https:\/\/api.w.org\/{rel}","templated":true}]}}