{"id":16315,"date":"2021-08-18T10:16:02","date_gmt":"2021-08-18T09:16:02","guid":{"rendered":"http:\/\/ostrowska.tv\/?p=16315"},"modified":"2021-08-18T10:16:02","modified_gmt":"2021-08-18T09:16:02","slug":"kolejne-zderzenie-na-wyremontowanym-skrzyzowaniu","status":"publish","type":"post","link":"https:\/\/ostrowskatv.pl\/?p=16315","title":{"rendered":"Kolejne zderzenie na wyremontowanym skrzy\u017cowaniu"},"content":{"rendered":"<p><strong>Kolejne zdarzenie w kr\u00f3tkim czasie mia\u0142o miejsce na skrzy\u017cowaniu ulic Raszkowskiej i Alei S\u0142owackiego w Ostrowie Wielkopolskim. Tym razem kilka minut przed godzin\u0105 6 rano dosz\u0142o do zderzenia busa z osob\u00f3wk\u0105.<\/strong><\/p>\n<p>Przed godzin\u0105 6 rano sygnalizatory \u015bwietlne miga\u0142y pomara\u0144czowym \u015bwiat\u0142em. Od strony wiaduktu krotoszy\u0144skiej jecha\u0142 bus z powiatu krotoszy\u0144skiego, za kt\u00f3rego kierownic\u0105 siedzia\u0142 kurier. Z przeciwka od strony Wojska Polskiego jecha\u0142 osobowy mercedes.<\/p>\n<p>Kierowca dostawczego iveco zignorowa\u0142 podczas skr\u0119tu w lewo konieczno\u015b\u0107 ust\u0105pienia pierwsze\u0144stwa i doprowadzi\u0142 do zderzenia z osob\u00f3wk\u0105. Mia\u0142 szcz\u0119\u015bcie, \u017ce kierowca mercedesa zd\u0105\u017cy\u0142 wytraci\u0107 sporo pr\u0119dko\u015bci, bo inaczej dostawczak m\u00f3g\u0142by si\u0119 przewr\u00f3ci\u0107 na bok.<\/p>\n<p><img loading=\"lazy\" decoding=\"async\" src=\"http:\/\/ostrowska.tv\/wp-content\/uploads\/2021\/08\/Raszk01.jpeg\" alt=\"\" width=\"1366\" height=\"806\" class=\"alignnone size-full wp-image-16320\" srcset=\"https:\/\/ostrowskatv.pl\/wp-content\/uploads\/2021\/08\/Raszk01.jpeg 1366w, https:\/\/ostrowskatv.pl\/wp-content\/uploads\/2021\/08\/Raszk01-300x177.jpeg 300w, https:\/\/ostrowskatv.pl\/wp-content\/uploads\/2021\/08\/Raszk01-610x360.jpeg 610w\" sizes=\"auto, (max-width: 1366px) 100vw, 1366px\" \/><\/p>\n<p><img loading=\"lazy\" decoding=\"async\" src=\"http:\/\/ostrowska.tv\/wp-content\/uploads\/2021\/08\/Raszk03.jpeg\" alt=\"\" width=\"1366\" height=\"884\" class=\"alignnone size-full wp-image-16321\" srcset=\"https:\/\/ostrowskatv.pl\/wp-content\/uploads\/2021\/08\/Raszk03.jpeg 1366w, https:\/\/ostrowskatv.pl\/wp-content\/uploads\/2021\/08\/Raszk03-300x194.jpeg 300w, https:\/\/ostrowskatv.pl\/wp-content\/uploads\/2021\/08\/Raszk03-556x360.jpeg 556w\" sizes=\"auto, (max-width: 1366px) 100vw, 1366px\" \/><\/p>\n<p><img loading=\"lazy\" decoding=\"async\" src=\"http:\/\/ostrowska.tv\/wp-content\/uploads\/2021\/08\/Raszk02.jpeg\" alt=\"\" width=\"1366\" height=\"889\" class=\"alignnone size-full wp-image-16322\" srcset=\"https:\/\/ostrowskatv.pl\/wp-content\/uploads\/2021\/08\/Raszk02.jpeg 1366w, https:\/\/ostrowskatv.pl\/wp-content\/uploads\/2021\/08\/Raszk02-300x195.jpeg 300w, https:\/\/ostrowskatv.pl\/wp-content\/uploads\/2021\/08\/Raszk02-553x360.jpeg 553w\" sizes=\"auto, (max-width: 1366px) 100vw, 1366px\" \/><\/p>\n","protected":false},"excerpt":{"rendered":"Kolejne zdarzenie w kr\u00f3tkim czasie mia\u0142o miejsce na skrzy\u017cowaniu ulic Raszkowskiej i Alei S\u0142owackiego w Ostrowie Wielkopolskim. Tym razem kilka minut przed godzin\u0105 \n<a class=\"moretag\" href=\"https:\/\/ostrowskatv.pl\/?p=16315\"> [...]<\/a>","protected":false},"author":1,"featured_media":16321,"comment_status":"open","ping_status":"closed","sticky":false,"template":"","format":"standard","meta":{"footnotes":""},"categories":[1],"tags":[48],"class_list":["post-16315","post","type-post","status-publish","format-standard","has-post-thumbnail","hentry","category-news","tag-kolizja"],"_links":{"self":[{"href":"https:\/\/ostrowskatv.pl\/index.php?rest_route=\/wp\/v2\/posts\/16315","targetHints":{"allow":["GET"]}}],"collection":[{"href":"https:\/\/ostrowskatv.pl\/index.php?rest_route=\/wp\/v2\/posts"}],"about":[{"href":"https:\/\/ostrowskatv.pl\/index.php?rest_route=\/wp\/v2\/types\/post"}],"author":[{"embeddable":true,"href":"https:\/\/ostrowskatv.pl\/index.php?rest_route=\/wp\/v2\/users\/1"}],"replies":[{"embeddable":true,"href":"https:\/\/ostrowskatv.pl\/index.php?rest_route=%2Fwp%2Fv2%2Fcomments&post=16315"}],"version-history":[{"count":0,"href":"https:\/\/ostrowskatv.pl\/index.php?rest_route=\/wp\/v2\/posts\/16315\/revisions"}],"wp:featuredmedia":[{"embeddable":true,"href":"https:\/\/ostrowskatv.pl\/index.php?rest_route=\/wp\/v2\/media\/16321"}],"wp:attachment":[{"href":"https:\/\/ostrowskatv.pl\/index.php?rest_route=%2Fwp%2Fv2%2Fmedia&parent=16315"}],"wp:term":[{"taxonomy":"category","embeddable":true,"href":"https:\/\/ostrowskatv.pl\/index.php?rest_route=%2Fwp%2Fv2%2Fcategories&post=16315"},{"taxonomy":"post_tag","embeddable":true,"href":"https:\/\/ostrowskatv.pl\/index.php?rest_route=%2Fwp%2Fv2%2Ftags&post=16315"}],"curies":[{"name":"wp","href":"https:\/\/api.w.org\/{rel}","templated":true}]}}