{"id":16300,"date":"2021-08-16T10:39:52","date_gmt":"2021-08-16T09:39:52","guid":{"rendered":"http:\/\/ostrowska.tv\/?p=16300"},"modified":"2021-08-16T10:39:52","modified_gmt":"2021-08-16T09:39:52","slug":"zjechala-autem-przed-dworcem-pkp","status":"publish","type":"post","link":"https:\/\/ostrowskatv.pl\/?p=16300","title":{"rendered":"Zjecha\u0142a autem przed dworcem PKP"},"content":{"rendered":"<p><strong>Ford mondeo kierowany przez urocz\u0105 pani\u0105 zjecha\u0142 z parkingu znajduj\u0105cego si\u0119 przed ostrowskim dworcem PKP. Kobieta zrelacjonowa\u0142a, \u017ce wewn\u0105trz auta rozproszy\u0142 j\u0105 syn i dlatego wyjecha\u0142a poza parking.<\/strong><\/p>\n<p>Z pomoc\u0105 przyby\u0142 m\u0119\u017cczyzna, kt\u00f3ry za pomoc\u0105 pas\u00f3w po\u0142\u0105czy\u0142 haki, zar\u00f3wno w swoim busie jak i fordzie. Ju\u017c po kilku sekundach ford powr\u00f3ci\u0142 na parking, a samoch\u00f3d nie odni\u00f3s\u0142 uszkodze\u0144.<\/p>\n<p><img loading=\"lazy\" decoding=\"async\" src=\"http:\/\/ostrowska.tv\/wp-content\/uploads\/2021\/08\/20210816_104222-01.jpeg\" alt=\"\" width=\"1366\" height=\"769\" class=\"alignnone size-full wp-image-16302\" srcset=\"https:\/\/ostrowskatv.pl\/wp-content\/uploads\/2021\/08\/20210816_104222-01.jpeg 1366w, https:\/\/ostrowskatv.pl\/wp-content\/uploads\/2021\/08\/20210816_104222-01-300x169.jpeg 300w, https:\/\/ostrowskatv.pl\/wp-content\/uploads\/2021\/08\/20210816_104222-01-640x360.jpeg 640w\" sizes=\"auto, (max-width: 1366px) 100vw, 1366px\" \/><\/p>\n<p><img loading=\"lazy\" decoding=\"async\" src=\"http:\/\/ostrowska.tv\/wp-content\/uploads\/2021\/08\/20210816_103942-01.jpeg\" alt=\"\" width=\"1366\" height=\"769\" class=\"alignnone size-full wp-image-16303\" srcset=\"https:\/\/ostrowskatv.pl\/wp-content\/uploads\/2021\/08\/20210816_103942-01.jpeg 1366w, https:\/\/ostrowskatv.pl\/wp-content\/uploads\/2021\/08\/20210816_103942-01-300x169.jpeg 300w, https:\/\/ostrowskatv.pl\/wp-content\/uploads\/2021\/08\/20210816_103942-01-640x360.jpeg 640w\" sizes=\"auto, (max-width: 1366px) 100vw, 1366px\" \/><\/p>\n<p><img loading=\"lazy\" decoding=\"async\" src=\"http:\/\/ostrowska.tv\/wp-content\/uploads\/2021\/08\/20210816_104102-01.jpeg\" alt=\"\" width=\"1366\" height=\"980\" class=\"alignnone size-full wp-image-16304\" srcset=\"https:\/\/ostrowskatv.pl\/wp-content\/uploads\/2021\/08\/20210816_104102-01.jpeg 1366w, https:\/\/ostrowskatv.pl\/wp-content\/uploads\/2021\/08\/20210816_104102-01-300x215.jpeg 300w, https:\/\/ostrowskatv.pl\/wp-content\/uploads\/2021\/08\/20210816_104102-01-502x360.jpeg 502w, https:\/\/ostrowskatv.pl\/wp-content\/uploads\/2021\/08\/20210816_104102-01-120x85.jpeg 120w\" sizes=\"auto, (max-width: 1366px) 100vw, 1366px\" \/><\/p>\n","protected":false},"excerpt":{"rendered":"Ford mondeo kierowany przez urocz\u0105 pani\u0105 zjecha\u0142 z parkingu znajduj\u0105cego si\u0119 przed ostrowskim dworcem PKP. Kobieta zrelacjonowa\u0142a, \u017ce wewn\u0105trz auta rozproszy\u0142 j\u0105 syn \n<a class=\"moretag\" href=\"https:\/\/ostrowskatv.pl\/?p=16300\"> [...]<\/a>","protected":false},"author":1,"featured_media":16303,"comment_status":"open","ping_status":"closed","sticky":false,"template":"","format":"standard","meta":{"footnotes":""},"categories":[1],"tags":[72],"class_list":["post-16300","post","type-post","status-publish","format-standard","has-post-thumbnail","hentry","category-news","tag-samochod"],"_links":{"self":[{"href":"https:\/\/ostrowskatv.pl\/index.php?rest_route=\/wp\/v2\/posts\/16300","targetHints":{"allow":["GET"]}}],"collection":[{"href":"https:\/\/ostrowskatv.pl\/index.php?rest_route=\/wp\/v2\/posts"}],"about":[{"href":"https:\/\/ostrowskatv.pl\/index.php?rest_route=\/wp\/v2\/types\/post"}],"author":[{"embeddable":true,"href":"https:\/\/ostrowskatv.pl\/index.php?rest_route=\/wp\/v2\/users\/1"}],"replies":[{"embeddable":true,"href":"https:\/\/ostrowskatv.pl\/index.php?rest_route=%2Fwp%2Fv2%2Fcomments&post=16300"}],"version-history":[{"count":0,"href":"https:\/\/ostrowskatv.pl\/index.php?rest_route=\/wp\/v2\/posts\/16300\/revisions"}],"wp:featuredmedia":[{"embeddable":true,"href":"https:\/\/ostrowskatv.pl\/index.php?rest_route=\/wp\/v2\/media\/16303"}],"wp:attachment":[{"href":"https:\/\/ostrowskatv.pl\/index.php?rest_route=%2Fwp%2Fv2%2Fmedia&parent=16300"}],"wp:term":[{"taxonomy":"category","embeddable":true,"href":"https:\/\/ostrowskatv.pl\/index.php?rest_route=%2Fwp%2Fv2%2Fcategories&post=16300"},{"taxonomy":"post_tag","embeddable":true,"href":"https:\/\/ostrowskatv.pl\/index.php?rest_route=%2Fwp%2Fv2%2Ftags&post=16300"}],"curies":[{"name":"wp","href":"https:\/\/api.w.org\/{rel}","templated":true}]}}