{"id":16286,"date":"2021-08-16T07:58:46","date_gmt":"2021-08-16T06:58:46","guid":{"rendered":"http:\/\/ostrowska.tv\/?p=16286"},"modified":"2021-08-16T10:01:39","modified_gmt":"2021-08-16T09:01:39","slug":"w-wyjatkowej-formie-upamietnili-zmarlego-kolege","status":"publish","type":"post","link":"https:\/\/ostrowskatv.pl\/?p=16286","title":{"rendered":"W wyj\u0105tkowej formie upami\u0119tnili zmar\u0142ego koleg\u0119"},"content":{"rendered":"<p><strong>Przy ulicy Kr. Jadwigi w Ostrowie Wielkopolskim powsta\u0142 mural, kt\u00f3ry ma upami\u0119tnia\u0107 zmar\u0142ego Micha\u0142a Jankielewicza, znanego dla koleg\u00f3w jako Jankiel. 38-letni ostrowianin zmar\u0142 pod koniec marca br.<\/strong><\/p>\n<p>&#8222;Czasem mam takie momenty, \u017ce ponad chmurami unosz\u0119 si\u0119, rozmow\u0119 tocz\u0105c z w\u0142asnymi my\u015blami chwilami ludzie maj\u0105 chwil\u0119 , \u017ce chc\u0105 by\u0107 sami, falami nastroj\u00f3w rozszarpywani.&#8221; &#8211; tak brzmi tre\u015b\u0107 murala.<\/p>\n<p>Micha\u0142 Jankielewicz tworzy\u0142 muzyk\u0119 hip-hopow\u0105. Po 2000 roku \u015bwiat\u0142o dzienne ujrza\u0142 album zatytu\u0142owany &#8222;Po Raz Pierwszy&#8221; Pawlak &amp; Jankiel.<\/p>\n<blockquote><p>Cz\u0142owiek zapocz\u0105tkowa\u0142 zajawk\u0119 u nas na osiedlu, szacunek ch\u0142opaki za ta wrzute <a class=\"oajrlxb2 g5ia77u1 qu0x051f esr5mh6w e9989ue4 r7d6kgcz rq0escxv nhd2j8a9 nc684nl6 p7hjln8o kvgmc6g5 cxmmr5t8 oygrvhab hcukyx3x jb3vyjys rz4wbd8a qt6c0cv9 a8nywdso i1ao9s8h esuyzwwr f1sip0of lzcic4wl q66pz984 gpro0wi8 b1v8xokw\" tabindex=\"0\" role=\"link\" href=\"https:\/\/www.facebook.com\/hashtag\/grunwald4ever?__eep__=6&amp;__cft__[0]=AZVfvjEi00pMvFbiVhizvFfQs3B1Uu7lpmXkUPyFyuvczjEamZolPU5rcyoL52CS0lkpEYANaqSy025-txk8GpbVJsCwysrja1LWL7TH_eOz5E3DGLNqTMysVPYyuodH2jH6xhWmMOoBDHHMChNX51AI&amp;__tn__=*NK-R\">#grunwald4ever<\/a> R.I.P Micha\u0142 ! &#8211; wspomina Muki Productions.<\/p><\/blockquote>\n<p><center><a href=\"https:\/\/nowy.nakoz.org\/album\/pokaz\/Po-Raz-Pierwszy,1762\"><strong>Po Raz Pierwszy<\/strong><\/a><b> (kliknij, \u017ceby pos\u0142ucha\u0107) <\/b><\/center><center><i style=\"font-size: 12px;\">Pawlak &amp; Jankiel<\/i><\/center><img loading=\"lazy\" decoding=\"async\" class=\"alignnone size-full wp-image-16289\" src=\"http:\/\/ostrowska.tv\/wp-content\/uploads\/2021\/08\/20210816_082502-01.jpeg\" alt=\"\" width=\"1366\" height=\"769\" srcset=\"https:\/\/ostrowskatv.pl\/wp-content\/uploads\/2021\/08\/20210816_082502-01.jpeg 1366w, https:\/\/ostrowskatv.pl\/wp-content\/uploads\/2021\/08\/20210816_082502-01-300x169.jpeg 300w, https:\/\/ostrowskatv.pl\/wp-content\/uploads\/2021\/08\/20210816_082502-01-640x360.jpeg 640w\" sizes=\"auto, (max-width: 1366px) 100vw, 1366px\" \/><\/p>\n<p><img loading=\"lazy\" decoding=\"async\" class=\"alignnone size-full wp-image-16290\" src=\"http:\/\/ostrowska.tv\/wp-content\/uploads\/2021\/08\/20210816_082422-01.jpeg\" alt=\"\" width=\"1366\" height=\"769\" srcset=\"https:\/\/ostrowskatv.pl\/wp-content\/uploads\/2021\/08\/20210816_082422-01.jpeg 1366w, https:\/\/ostrowskatv.pl\/wp-content\/uploads\/2021\/08\/20210816_082422-01-300x169.jpeg 300w, https:\/\/ostrowskatv.pl\/wp-content\/uploads\/2021\/08\/20210816_082422-01-640x360.jpeg 640w\" sizes=\"auto, (max-width: 1366px) 100vw, 1366px\" \/><\/p>\n<p><img loading=\"lazy\" decoding=\"async\" class=\"alignnone size-full wp-image-16291\" src=\"http:\/\/ostrowska.tv\/wp-content\/uploads\/2021\/08\/20210816_082453-01.jpeg\" alt=\"\" width=\"1366\" height=\"769\" srcset=\"https:\/\/ostrowskatv.pl\/wp-content\/uploads\/2021\/08\/20210816_082453-01.jpeg 1366w, https:\/\/ostrowskatv.pl\/wp-content\/uploads\/2021\/08\/20210816_082453-01-300x169.jpeg 300w, https:\/\/ostrowskatv.pl\/wp-content\/uploads\/2021\/08\/20210816_082453-01-640x360.jpeg 640w\" sizes=\"auto, (max-width: 1366px) 100vw, 1366px\" \/><\/p>\n<p><img loading=\"lazy\" decoding=\"async\" class=\"alignnone size-full wp-image-16292\" src=\"http:\/\/ostrowska.tv\/wp-content\/uploads\/2021\/08\/20210816_082609-01.jpeg\" alt=\"\" width=\"1366\" height=\"769\" srcset=\"https:\/\/ostrowskatv.pl\/wp-content\/uploads\/2021\/08\/20210816_082609-01.jpeg 1366w, https:\/\/ostrowskatv.pl\/wp-content\/uploads\/2021\/08\/20210816_082609-01-300x169.jpeg 300w, https:\/\/ostrowskatv.pl\/wp-content\/uploads\/2021\/08\/20210816_082609-01-640x360.jpeg 640w\" sizes=\"auto, (max-width: 1366px) 100vw, 1366px\" \/><\/p>\n<p><img loading=\"lazy\" decoding=\"async\" class=\"alignnone size-full wp-image-16293\" src=\"http:\/\/ostrowska.tv\/wp-content\/uploads\/2021\/08\/20210816_082438-01.jpeg\" alt=\"\" width=\"1366\" height=\"815\" srcset=\"https:\/\/ostrowskatv.pl\/wp-content\/uploads\/2021\/08\/20210816_082438-01.jpeg 1366w, https:\/\/ostrowskatv.pl\/wp-content\/uploads\/2021\/08\/20210816_082438-01-300x179.jpeg 300w, https:\/\/ostrowskatv.pl\/wp-content\/uploads\/2021\/08\/20210816_082438-01-603x360.jpeg 603w\" sizes=\"auto, (max-width: 1366px) 100vw, 1366px\" \/><\/p>\n<p><iframe loading=\"lazy\" title=\"Jankiel - mural\" width=\"747\" height=\"420\" src=\"https:\/\/www.youtube.com\/embed\/jjfalNoyBfE?feature=oembed\" frameborder=\"0\" allow=\"accelerometer; autoplay; clipboard-write; encrypted-media; gyroscope; picture-in-picture; web-share\" referrerpolicy=\"strict-origin-when-cross-origin\" allowfullscreen><\/iframe><\/p>\n","protected":false},"excerpt":{"rendered":"Przy ulicy Kr. Jadwigi w Ostrowie Wielkopolskim powsta\u0142 mural, kt\u00f3ry ma upami\u0119tnia\u0107 zmar\u0142ego Micha\u0142a Jankielewicza, znanego dla koleg\u00f3w jako Jankiel. 38-letni ostrowianin zmar\u0142 \n<a class=\"moretag\" href=\"https:\/\/ostrowskatv.pl\/?p=16286\"> [...]<\/a>","protected":false},"author":1,"featured_media":16293,"comment_status":"open","ping_status":"closed","sticky":false,"template":"","format":"standard","meta":{"footnotes":""},"categories":[1],"tags":[2],"class_list":["post-16286","post","type-post","status-publish","format-standard","has-post-thumbnail","hentry","category-news","tag-ostrow-wielkopolski"],"_links":{"self":[{"href":"https:\/\/ostrowskatv.pl\/index.php?rest_route=\/wp\/v2\/posts\/16286","targetHints":{"allow":["GET"]}}],"collection":[{"href":"https:\/\/ostrowskatv.pl\/index.php?rest_route=\/wp\/v2\/posts"}],"about":[{"href":"https:\/\/ostrowskatv.pl\/index.php?rest_route=\/wp\/v2\/types\/post"}],"author":[{"embeddable":true,"href":"https:\/\/ostrowskatv.pl\/index.php?rest_route=\/wp\/v2\/users\/1"}],"replies":[{"embeddable":true,"href":"https:\/\/ostrowskatv.pl\/index.php?rest_route=%2Fwp%2Fv2%2Fcomments&post=16286"}],"version-history":[{"count":0,"href":"https:\/\/ostrowskatv.pl\/index.php?rest_route=\/wp\/v2\/posts\/16286\/revisions"}],"wp:featuredmedia":[{"embeddable":true,"href":"https:\/\/ostrowskatv.pl\/index.php?rest_route=\/wp\/v2\/media\/16293"}],"wp:attachment":[{"href":"https:\/\/ostrowskatv.pl\/index.php?rest_route=%2Fwp%2Fv2%2Fmedia&parent=16286"}],"wp:term":[{"taxonomy":"category","embeddable":true,"href":"https:\/\/ostrowskatv.pl\/index.php?rest_route=%2Fwp%2Fv2%2Fcategories&post=16286"},{"taxonomy":"post_tag","embeddable":true,"href":"https:\/\/ostrowskatv.pl\/index.php?rest_route=%2Fwp%2Fv2%2Ftags&post=16286"}],"curies":[{"name":"wp","href":"https:\/\/api.w.org\/{rel}","templated":true}]}}