{"id":16278,"date":"2021-08-14T23:07:27","date_gmt":"2021-08-14T22:07:27","guid":{"rendered":"http:\/\/ostrowska.tv\/?p=16278"},"modified":"2021-08-14T23:07:51","modified_gmt":"2021-08-14T22:07:51","slug":"wjechal-do-rowu-przy-wiadukcie-auto-trafilo-na-policyjny-parking","status":"publish","type":"post","link":"https:\/\/ostrowskatv.pl\/?p=16278","title":{"rendered":"Wjecha\u0142 do rowu przy wiadukcie. Auto trafi\u0142o na &#8222;policyjny parking&#8221;"},"content":{"rendered":"<p><strong>W nocy z pi\u0105tku na sobot\u0119 kierowca Forda z nieznanych przyczyn zjecha\u0142 z drogi i wyl\u0105dowa\u0142 w rowie. Do zdarzenia dosz\u0142o pomi\u0119dzy Ostrowem Wlkp., a Wt\u00f3rkiem, przy wiadukcie od obwodnicy. Samoch\u00f3d pozostawa\u0142 w rowie co najmniej od godziny 4.30 do 9.30<\/strong>.<\/p>\n<p>Ford rano mia\u0142 zdj\u0119t\u0105 tyln\u0105 tablic\u0119 rejestracyjn\u0105, a ponadto z ty\u0142u by\u0142a widoczna resztka pasa. Za jego pomoc\u0105 pr\u00f3bowano na w\u0142asn\u0105 r\u0119k\u0119 wyci\u0105gn\u0105\u0107 pojazd. Kiedy ta sztuka si\u0119 nie uda\u0142a, auto zosta\u0142o pozostawione bez wy\u0142o\u017conego tr\u00f3jk\u0105ta ostrzegawczego.<\/p>\n<p>Funkcjonariusze policji, kt\u00f3rzy zostali powiadomieni o tej sytuacji, podj\u0119li decyzj\u0119 o odholowaniu pojazdu na tzw. policyjny parking. Z naklejki na szybie wiadomo, \u017ce samoch\u00f3d by\u0142 zarejestrowany w powiecie krotoszy\u0144skim.<\/p>\n<p>W\u0142a\u015bciciel pojazdu po kilku godzinach zg\u0142osi\u0142 si\u0119 na komend\u0119 policji.<\/p>\n<p><img loading=\"lazy\" decoding=\"async\" src=\"http:\/\/ostrowska.tv\/wp-content\/uploads\/2021\/08\/Wtorek02.jpeg\" alt=\"\" width=\"1143\" height=\"1366\" class=\"alignnone size-full wp-image-16279\" srcset=\"https:\/\/ostrowskatv.pl\/wp-content\/uploads\/2021\/08\/Wtorek02.jpeg 1143w, https:\/\/ostrowskatv.pl\/wp-content\/uploads\/2021\/08\/Wtorek02-251x300.jpeg 251w, https:\/\/ostrowskatv.pl\/wp-content\/uploads\/2021\/08\/Wtorek02-301x360.jpeg 301w\" sizes=\"auto, (max-width: 1143px) 100vw, 1143px\" \/><\/p>\n","protected":false},"excerpt":{"rendered":"W nocy z pi\u0105tku na sobot\u0119 kierowca Forda z nieznanych przyczyn zjecha\u0142 z drogi i wyl\u0105dowa\u0142 w rowie. Do zdarzenia dosz\u0142o pomi\u0119dzy Ostrowem \n<a class=\"moretag\" href=\"https:\/\/ostrowskatv.pl\/?p=16278\"> [...]<\/a>","protected":false},"author":1,"featured_media":16281,"comment_status":"open","ping_status":"closed","sticky":false,"template":"","format":"standard","meta":{"footnotes":""},"categories":[1],"tags":[],"class_list":["post-16278","post","type-post","status-publish","format-standard","has-post-thumbnail","hentry","category-news"],"_links":{"self":[{"href":"https:\/\/ostrowskatv.pl\/index.php?rest_route=\/wp\/v2\/posts\/16278","targetHints":{"allow":["GET"]}}],"collection":[{"href":"https:\/\/ostrowskatv.pl\/index.php?rest_route=\/wp\/v2\/posts"}],"about":[{"href":"https:\/\/ostrowskatv.pl\/index.php?rest_route=\/wp\/v2\/types\/post"}],"author":[{"embeddable":true,"href":"https:\/\/ostrowskatv.pl\/index.php?rest_route=\/wp\/v2\/users\/1"}],"replies":[{"embeddable":true,"href":"https:\/\/ostrowskatv.pl\/index.php?rest_route=%2Fwp%2Fv2%2Fcomments&post=16278"}],"version-history":[{"count":0,"href":"https:\/\/ostrowskatv.pl\/index.php?rest_route=\/wp\/v2\/posts\/16278\/revisions"}],"wp:featuredmedia":[{"embeddable":true,"href":"https:\/\/ostrowskatv.pl\/index.php?rest_route=\/wp\/v2\/media\/16281"}],"wp:attachment":[{"href":"https:\/\/ostrowskatv.pl\/index.php?rest_route=%2Fwp%2Fv2%2Fmedia&parent=16278"}],"wp:term":[{"taxonomy":"category","embeddable":true,"href":"https:\/\/ostrowskatv.pl\/index.php?rest_route=%2Fwp%2Fv2%2Fcategories&post=16278"},{"taxonomy":"post_tag","embeddable":true,"href":"https:\/\/ostrowskatv.pl\/index.php?rest_route=%2Fwp%2Fv2%2Ftags&post=16278"}],"curies":[{"name":"wp","href":"https:\/\/api.w.org\/{rel}","templated":true}]}}