{"id":16266,"date":"2021-08-14T22:49:24","date_gmt":"2021-08-14T21:49:24","guid":{"rendered":"http:\/\/ostrowska.tv\/?p=16266"},"modified":"2021-08-14T22:49:59","modified_gmt":"2021-08-14T21:49:59","slug":"pozar-hali-z-lakiernia","status":"publish","type":"post","link":"https:\/\/ostrowskatv.pl\/?p=16266","title":{"rendered":"Po\u017car hali z lakierni\u0105"},"content":{"rendered":"<p><strong>Kilka minut po godzinie 20 stra\u017c po\u017carna w Kaliszu otrzyma\u0142a informacj\u0119 o po\u017carze hali, w kt\u00f3rej znajdowa\u0142a si\u0119 lakiernia. W chwili przyjazdu zast\u0119p\u00f3w ca\u0142o\u015b\u0107 by\u0142a obj\u0119ta po\u017carem.<\/strong> <\/p>\n<p>Hala mia\u0142a powierzchni\u0119 900 metr\u00f3w kwadratowych. Stra\u017cakom uda\u0142o si\u0119 uratowa\u0107 dwie s\u0105siednie hale. Dzi\u015b firma pracowa\u0142a do po\u0142udnia. Ogie\u0144 zauwa\u017cono kilka godzin po jej zamkni\u0119ciu. Akcje utrudnia\u0142a wysoka temperatura, zadymienie, a tak\u017ce odpadaj\u0105ce elementy konstrukcji hali. <\/p>\n<p>W\u0142a\u015bciciel wst\u0119pnie szacuje, \u017ce materia\u0142y, maszyny i hala mog\u0142y by\u0107 warte \u0142\u0105cznie 3 miliony z\u0142. Nikt nie zosta\u0142 poszkodowany. Na miejsce zadysponowano 15 zast\u0119p\u00f3w stra\u017cy po\u017carnej, oko\u0142o 55 stra\u017cak\u00f3w. W\u015br\u00f3d nich specjalistyczny pojazd do uzupe\u0142niania powietrza w butlach. <\/p>\n<p>Stra\u017cacy czekaj\u0105 a\u017c opadnie temperatura konstrukcji, a decyzj\u0119 co z halami podejmie powiatowy inspektor budowlany.<\/p>\n<p><img loading=\"lazy\" decoding=\"async\" src=\"http:\/\/ostrowska.tv\/wp-content\/uploads\/2021\/08\/FB_IMG_1628973516516.jpg\" alt=\"\" width=\"720\" height=\"960\" class=\"alignnone size-full wp-image-16267\" srcset=\"https:\/\/ostrowskatv.pl\/wp-content\/uploads\/2021\/08\/FB_IMG_1628973516516.jpg 720w, https:\/\/ostrowskatv.pl\/wp-content\/uploads\/2021\/08\/FB_IMG_1628973516516-225x300.jpg 225w, https:\/\/ostrowskatv.pl\/wp-content\/uploads\/2021\/08\/FB_IMG_1628973516516-270x360.jpg 270w\" sizes=\"auto, (max-width: 720px) 100vw, 720px\" \/><\/p>\n<p><img loading=\"lazy\" decoding=\"async\" src=\"http:\/\/ostrowska.tv\/wp-content\/uploads\/2021\/08\/FB_IMG_1628973512347.jpg\" alt=\"\" width=\"720\" height=\"960\" class=\"alignnone size-full wp-image-16268\" srcset=\"https:\/\/ostrowskatv.pl\/wp-content\/uploads\/2021\/08\/FB_IMG_1628973512347.jpg 720w, https:\/\/ostrowskatv.pl\/wp-content\/uploads\/2021\/08\/FB_IMG_1628973512347-225x300.jpg 225w, https:\/\/ostrowskatv.pl\/wp-content\/uploads\/2021\/08\/FB_IMG_1628973512347-270x360.jpg 270w\" sizes=\"auto, (max-width: 720px) 100vw, 720px\" \/><\/p>\n<p><img loading=\"lazy\" decoding=\"async\" src=\"http:\/\/ostrowska.tv\/wp-content\/uploads\/2021\/08\/FB_IMG_1628973514114.jpg\" alt=\"\" width=\"720\" height=\"960\" class=\"alignnone size-full wp-image-16269\" srcset=\"https:\/\/ostrowskatv.pl\/wp-content\/uploads\/2021\/08\/FB_IMG_1628973514114.jpg 720w, https:\/\/ostrowskatv.pl\/wp-content\/uploads\/2021\/08\/FB_IMG_1628973514114-225x300.jpg 225w, https:\/\/ostrowskatv.pl\/wp-content\/uploads\/2021\/08\/FB_IMG_1628973514114-270x360.jpg 270w\" sizes=\"auto, (max-width: 720px) 100vw, 720px\" \/><\/p>\n<p><img loading=\"lazy\" decoding=\"async\" src=\"http:\/\/ostrowska.tv\/wp-content\/uploads\/2021\/08\/FB_IMG_1628973510308.jpg\" alt=\"\" width=\"720\" height=\"960\" class=\"alignnone size-full wp-image-16270\" srcset=\"https:\/\/ostrowskatv.pl\/wp-content\/uploads\/2021\/08\/FB_IMG_1628973510308.jpg 720w, https:\/\/ostrowskatv.pl\/wp-content\/uploads\/2021\/08\/FB_IMG_1628973510308-225x300.jpg 225w, https:\/\/ostrowskatv.pl\/wp-content\/uploads\/2021\/08\/FB_IMG_1628973510308-270x360.jpg 270w\" sizes=\"auto, (max-width: 720px) 100vw, 720px\" \/><\/p>\n<p><img loading=\"lazy\" decoding=\"async\" src=\"http:\/\/ostrowska.tv\/wp-content\/uploads\/2021\/08\/FB_IMG_1628973508620.jpg\" alt=\"\" width=\"720\" height=\"960\" class=\"alignnone size-full wp-image-16271\" srcset=\"https:\/\/ostrowskatv.pl\/wp-content\/uploads\/2021\/08\/FB_IMG_1628973508620.jpg 720w, https:\/\/ostrowskatv.pl\/wp-content\/uploads\/2021\/08\/FB_IMG_1628973508620-225x300.jpg 225w, https:\/\/ostrowskatv.pl\/wp-content\/uploads\/2021\/08\/FB_IMG_1628973508620-270x360.jpg 270w\" sizes=\"auto, (max-width: 720px) 100vw, 720px\" \/><\/p>\n<p><img loading=\"lazy\" decoding=\"async\" src=\"http:\/\/ostrowska.tv\/wp-content\/uploads\/2021\/08\/20210814_220632-01.jpeg\" alt=\"\" width=\"1366\" height=\"769\" class=\"alignnone size-full wp-image-16272\" srcset=\"https:\/\/ostrowskatv.pl\/wp-content\/uploads\/2021\/08\/20210814_220632-01.jpeg 1366w, https:\/\/ostrowskatv.pl\/wp-content\/uploads\/2021\/08\/20210814_220632-01-300x169.jpeg 300w, https:\/\/ostrowskatv.pl\/wp-content\/uploads\/2021\/08\/20210814_220632-01-640x360.jpeg 640w\" sizes=\"auto, (max-width: 1366px) 100vw, 1366px\" \/><\/p>\n<p><img loading=\"lazy\" decoding=\"async\" src=\"http:\/\/ostrowska.tv\/wp-content\/uploads\/2021\/08\/20210814_214638-01.jpeg\" alt=\"\" width=\"1366\" height=\"769\" class=\"alignnone size-full wp-image-16273\" srcset=\"https:\/\/ostrowskatv.pl\/wp-content\/uploads\/2021\/08\/20210814_214638-01.jpeg 1366w, https:\/\/ostrowskatv.pl\/wp-content\/uploads\/2021\/08\/20210814_214638-01-300x169.jpeg 300w, https:\/\/ostrowskatv.pl\/wp-content\/uploads\/2021\/08\/20210814_214638-01-640x360.jpeg 640w\" sizes=\"auto, (max-width: 1366px) 100vw, 1366px\" \/><\/p>\n<p><img loading=\"lazy\" decoding=\"async\" src=\"http:\/\/ostrowska.tv\/wp-content\/uploads\/2021\/08\/20210814_223331-01.jpeg\" alt=\"\" width=\"1366\" height=\"864\" class=\"alignnone size-full wp-image-16274\" srcset=\"https:\/\/ostrowskatv.pl\/wp-content\/uploads\/2021\/08\/20210814_223331-01.jpeg 1366w, https:\/\/ostrowskatv.pl\/wp-content\/uploads\/2021\/08\/20210814_223331-01-300x190.jpeg 300w, https:\/\/ostrowskatv.pl\/wp-content\/uploads\/2021\/08\/20210814_223331-01-569x360.jpeg 569w\" sizes=\"auto, (max-width: 1366px) 100vw, 1366px\" \/><\/p>\n<p>Autorka cz\u0119\u015bci zdj\u0119\u0107 pani Katarzyna<\/p>\n","protected":false},"excerpt":{"rendered":"Kilka minut po godzinie 20 stra\u017c po\u017carna w Kaliszu otrzyma\u0142a informacj\u0119 o po\u017carze hali, w kt\u00f3rej znajdowa\u0142a si\u0119 lakiernia. W chwili przyjazdu zast\u0119p\u00f3w \n<a class=\"moretag\" href=\"https:\/\/ostrowskatv.pl\/?p=16266\"> [...]<\/a>","protected":false},"author":1,"featured_media":16275,"comment_status":"open","ping_status":"closed","sticky":false,"template":"","format":"standard","meta":{"footnotes":""},"categories":[1],"tags":[],"class_list":["post-16266","post","type-post","status-publish","format-standard","has-post-thumbnail","hentry","category-news"],"_links":{"self":[{"href":"https:\/\/ostrowskatv.pl\/index.php?rest_route=\/wp\/v2\/posts\/16266","targetHints":{"allow":["GET"]}}],"collection":[{"href":"https:\/\/ostrowskatv.pl\/index.php?rest_route=\/wp\/v2\/posts"}],"about":[{"href":"https:\/\/ostrowskatv.pl\/index.php?rest_route=\/wp\/v2\/types\/post"}],"author":[{"embeddable":true,"href":"https:\/\/ostrowskatv.pl\/index.php?rest_route=\/wp\/v2\/users\/1"}],"replies":[{"embeddable":true,"href":"https:\/\/ostrowskatv.pl\/index.php?rest_route=%2Fwp%2Fv2%2Fcomments&post=16266"}],"version-history":[{"count":0,"href":"https:\/\/ostrowskatv.pl\/index.php?rest_route=\/wp\/v2\/posts\/16266\/revisions"}],"wp:featuredmedia":[{"embeddable":true,"href":"https:\/\/ostrowskatv.pl\/index.php?rest_route=\/wp\/v2\/media\/16275"}],"wp:attachment":[{"href":"https:\/\/ostrowskatv.pl\/index.php?rest_route=%2Fwp%2Fv2%2Fmedia&parent=16266"}],"wp:term":[{"taxonomy":"category","embeddable":true,"href":"https:\/\/ostrowskatv.pl\/index.php?rest_route=%2Fwp%2Fv2%2Fcategories&post=16266"},{"taxonomy":"post_tag","embeddable":true,"href":"https:\/\/ostrowskatv.pl\/index.php?rest_route=%2Fwp%2Fv2%2Ftags&post=16266"}],"curies":[{"name":"wp","href":"https:\/\/api.w.org\/{rel}","templated":true}]}}