{"id":16255,"date":"2021-08-13T11:46:35","date_gmt":"2021-08-13T10:46:35","guid":{"rendered":"http:\/\/ostrowska.tv\/?p=16255"},"modified":"2021-08-14T05:39:31","modified_gmt":"2021-08-14T04:39:31","slug":"pozar-paneli-fotowoltaicznych-szczesliwie-nie-zapalil-sie-dom-zdjecia","status":"publish","type":"post","link":"https:\/\/ostrowskatv.pl\/?p=16255","title":{"rendered":"Po\u017car paneli fotowoltaicznych. Szcz\u0119\u015bliwie nie zapali\u0142 si\u0119 dom (ZDJ\u0118CIA)"},"content":{"rendered":"<p><strong>4 zast\u0119py stra\u017cy po\u017carnej wys\u0142ano do zg\u0142oszonego po\u017caru paneli fotowoltaicznych zamontowanych na wiacie przylegaj\u0105cej do domu jednorodzinnego. Na miejscu okaza\u0142o si\u0119, \u017ce po\u017car uszkodzi\u0142 co najmniej 1 panel.<\/strong><\/p>\n<p>Dzi\u0119ki reakcji os\u00f3b postronnych uda\u0142o si\u0119 ugasi\u0107 po\u017car przed przyjazdem pierwszego zast\u0119pu z jednostki OSP Czekan\u00f3w do miejscowo\u015bci S\u0142aborowice. Kolejne wozy dojecha\u0142y z Ostrowa Wielkopolskiego, a na ko\u0144cu wys\u0142u\u017cony \u017bUK z OSP S\u0142aborowice.<\/p>\n<p>Okaza\u0142o si\u0119, \u017ce panele zosta\u0142y zamontowane raptem 2 miesi\u0105ce temu. Na miejsce dotar\u0142 przedstawiciel ostrowskiej firmy, kt\u00f3ra k\u0142ad\u0142a panele. Roz\u0142\u0105czy\u0142 obw\u00f3d i zapewni\u0142, \u017ce wkr\u00f3tce przyjedzie ekipa, \u017ceby wymieni\u0107 uszkodzone elementy instalacji.<\/p>\n<p>W\u0142a\u015bciciel posesji zg\u0142asza\u0142, \u017ce jeden z paneli przebarwia\u0142 si\u0119, ale by\u0142 zapewniany \u017ce to nic gro\u017anego. Ostatecznie zapewniono go, \u017ce wymiana nast\u0105pi za oko\u0142o 2-3 tygodnie. Zanim jednak firma przyjecha\u0142a, dosz\u0142o do po\u017caru.<\/p>\n<p><img loading=\"lazy\" decoding=\"async\" class=\"alignnone size-full wp-image-16256\" src=\"http:\/\/ostrowska.tv\/wp-content\/uploads\/2021\/08\/20210813_115917-01.jpeg\" alt=\"\" width=\"1366\" height=\"769\" srcset=\"https:\/\/ostrowskatv.pl\/wp-content\/uploads\/2021\/08\/20210813_115917-01.jpeg 1366w, https:\/\/ostrowskatv.pl\/wp-content\/uploads\/2021\/08\/20210813_115917-01-300x169.jpeg 300w, https:\/\/ostrowskatv.pl\/wp-content\/uploads\/2021\/08\/20210813_115917-01-640x360.jpeg 640w\" sizes=\"auto, (max-width: 1366px) 100vw, 1366px\" \/><\/p>\n<p><img loading=\"lazy\" decoding=\"async\" class=\"alignnone size-full wp-image-16257\" src=\"http:\/\/ostrowska.tv\/wp-content\/uploads\/2021\/08\/20210813_115953-01.jpeg\" alt=\"\" width=\"1366\" height=\"769\" srcset=\"https:\/\/ostrowskatv.pl\/wp-content\/uploads\/2021\/08\/20210813_115953-01.jpeg 1366w, https:\/\/ostrowskatv.pl\/wp-content\/uploads\/2021\/08\/20210813_115953-01-300x169.jpeg 300w, https:\/\/ostrowskatv.pl\/wp-content\/uploads\/2021\/08\/20210813_115953-01-640x360.jpeg 640w\" sizes=\"auto, (max-width: 1366px) 100vw, 1366px\" \/><\/p>\n<p><img loading=\"lazy\" decoding=\"async\" class=\"alignnone size-full wp-image-16258\" src=\"http:\/\/ostrowska.tv\/wp-content\/uploads\/2021\/08\/20210813_120118-01.jpeg\" alt=\"\" width=\"1366\" height=\"769\" srcset=\"https:\/\/ostrowskatv.pl\/wp-content\/uploads\/2021\/08\/20210813_120118-01.jpeg 1366w, https:\/\/ostrowskatv.pl\/wp-content\/uploads\/2021\/08\/20210813_120118-01-300x169.jpeg 300w, https:\/\/ostrowskatv.pl\/wp-content\/uploads\/2021\/08\/20210813_120118-01-640x360.jpeg 640w\" sizes=\"auto, (max-width: 1366px) 100vw, 1366px\" \/><\/p>\n<p><img loading=\"lazy\" decoding=\"async\" class=\"alignnone size-full wp-image-16259\" src=\"http:\/\/ostrowska.tv\/wp-content\/uploads\/2021\/08\/20210813_120313-01.jpeg\" alt=\"\" width=\"1366\" height=\"769\" srcset=\"https:\/\/ostrowskatv.pl\/wp-content\/uploads\/2021\/08\/20210813_120313-01.jpeg 1366w, https:\/\/ostrowskatv.pl\/wp-content\/uploads\/2021\/08\/20210813_120313-01-300x169.jpeg 300w, https:\/\/ostrowskatv.pl\/wp-content\/uploads\/2021\/08\/20210813_120313-01-640x360.jpeg 640w\" sizes=\"auto, (max-width: 1366px) 100vw, 1366px\" \/><\/p>\n<p><img loading=\"lazy\" decoding=\"async\" class=\"alignnone size-full wp-image-16260\" src=\"http:\/\/ostrowska.tv\/wp-content\/uploads\/2021\/08\/20210813_120359-01.jpeg\" alt=\"\" width=\"1366\" height=\"757\" srcset=\"https:\/\/ostrowskatv.pl\/wp-content\/uploads\/2021\/08\/20210813_120359-01.jpeg 1366w, https:\/\/ostrowskatv.pl\/wp-content\/uploads\/2021\/08\/20210813_120359-01-300x166.jpeg 300w, https:\/\/ostrowskatv.pl\/wp-content\/uploads\/2021\/08\/20210813_120359-01-640x355.jpeg 640w\" sizes=\"auto, (max-width: 1366px) 100vw, 1366px\" \/><\/p>\n<p><img loading=\"lazy\" decoding=\"async\" class=\"alignnone size-full wp-image-16261\" src=\"http:\/\/ostrowska.tv\/wp-content\/uploads\/2021\/08\/20210813_120517-01.jpeg\" alt=\"\" width=\"1366\" height=\"769\" srcset=\"https:\/\/ostrowskatv.pl\/wp-content\/uploads\/2021\/08\/20210813_120517-01.jpeg 1366w, https:\/\/ostrowskatv.pl\/wp-content\/uploads\/2021\/08\/20210813_120517-01-300x169.jpeg 300w, https:\/\/ostrowskatv.pl\/wp-content\/uploads\/2021\/08\/20210813_120517-01-640x360.jpeg 640w\" sizes=\"auto, (max-width: 1366px) 100vw, 1366px\" \/><\/p>\n","protected":false},"excerpt":{"rendered":"4 zast\u0119py stra\u017cy po\u017carnej wys\u0142ano do zg\u0142oszonego po\u017caru paneli fotowoltaicznych zamontowanych na wiacie przylegaj\u0105cej do domu jednorodzinnego. Na miejscu okaza\u0142o si\u0119, \u017ce po\u017car \n<a class=\"moretag\" href=\"https:\/\/ostrowskatv.pl\/?p=16255\"> [...]<\/a>","protected":false},"author":1,"featured_media":16261,"comment_status":"open","ping_status":"closed","sticky":false,"template":"","format":"standard","meta":{"footnotes":""},"categories":[1],"tags":[7],"class_list":["post-16255","post","type-post","status-publish","format-standard","has-post-thumbnail","hentry","category-news","tag-pozar"],"_links":{"self":[{"href":"https:\/\/ostrowskatv.pl\/index.php?rest_route=\/wp\/v2\/posts\/16255","targetHints":{"allow":["GET"]}}],"collection":[{"href":"https:\/\/ostrowskatv.pl\/index.php?rest_route=\/wp\/v2\/posts"}],"about":[{"href":"https:\/\/ostrowskatv.pl\/index.php?rest_route=\/wp\/v2\/types\/post"}],"author":[{"embeddable":true,"href":"https:\/\/ostrowskatv.pl\/index.php?rest_route=\/wp\/v2\/users\/1"}],"replies":[{"embeddable":true,"href":"https:\/\/ostrowskatv.pl\/index.php?rest_route=%2Fwp%2Fv2%2Fcomments&post=16255"}],"version-history":[{"count":0,"href":"https:\/\/ostrowskatv.pl\/index.php?rest_route=\/wp\/v2\/posts\/16255\/revisions"}],"wp:featuredmedia":[{"embeddable":true,"href":"https:\/\/ostrowskatv.pl\/index.php?rest_route=\/wp\/v2\/media\/16261"}],"wp:attachment":[{"href":"https:\/\/ostrowskatv.pl\/index.php?rest_route=%2Fwp%2Fv2%2Fmedia&parent=16255"}],"wp:term":[{"taxonomy":"category","embeddable":true,"href":"https:\/\/ostrowskatv.pl\/index.php?rest_route=%2Fwp%2Fv2%2Fcategories&post=16255"},{"taxonomy":"post_tag","embeddable":true,"href":"https:\/\/ostrowskatv.pl\/index.php?rest_route=%2Fwp%2Fv2%2Ftags&post=16255"}],"curies":[{"name":"wp","href":"https:\/\/api.w.org\/{rel}","templated":true}]}}