{"id":16253,"date":"2021-08-13T06:37:27","date_gmt":"2021-08-13T05:37:27","guid":{"rendered":"http:\/\/ostrowska.tv\/?p=16253"},"modified":"2021-08-13T06:37:27","modified_gmt":"2021-08-13T05:37:27","slug":"zginal-13-latek","status":"publish","type":"post","link":"https:\/\/ostrowskatv.pl\/?p=16253","title":{"rendered":"Zgin\u0105\u0142 13-latek"},"content":{"rendered":"<p>Wczoraj kilka minut po godz. 21 dy\u017curny pleszewskiej komendy otrzyma\u0142 informacj\u0119 o potr\u0105ceniu rowerzysty, do kt\u00f3rego dosz\u0142o na drodze wojew\u00f3dzkiej nr 442 w m. Czolnochow. Jak ustali policjanci, 13 letni rowerzysta zosta\u0142 potr\u0105cony przez samoch\u00f3d ci\u0119\u017carowy marki Man, kt\u00f3rym kierowa\u0142 42 letni mieszkaniec powiatu sieradzkiego. 13 latek, w wyniku odniesionych obra\u017ce\u0144 cia\u0142a , poni\u00f3s\u0142 \u015bmier\u0107 na miejscu. Do zdarzenia dosz\u0142o poza obszarem zabudowanym. Zar\u00f3wno kierowca ci\u0119\u017car\u00f3wki , jak i rowerzysta poruszali si\u0119 w tym samym kierunku. 42 latek by\u0142 trze\u017awy. Zosta\u0142a pobrana krew do bada\u0144. Policjanci, pod nadzorem Prokuratury wyja\u015bniaj\u0105 dok\u0142adne przyczyny i okoliczno\u015bci tego tragicznego zdarzenia<\/p>\n","protected":false},"excerpt":{"rendered":"Wczoraj kilka minut po godz. 21 dy\u017curny pleszewskiej komendy otrzyma\u0142 informacj\u0119 o potr\u0105ceniu rowerzysty, do kt\u00f3rego dosz\u0142o na drodze wojew\u00f3dzkiej nr 442 w \n<a class=\"moretag\" href=\"https:\/\/ostrowskatv.pl\/?p=16253\"> [...]<\/a>","protected":false},"author":1,"featured_media":15255,"comment_status":"open","ping_status":"closed","sticky":false,"template":"","format":"standard","meta":{"footnotes":""},"categories":[1],"tags":[11],"class_list":["post-16253","post","type-post","status-publish","format-standard","has-post-thumbnail","hentry","category-news","tag-wypadek"],"_links":{"self":[{"href":"https:\/\/ostrowskatv.pl\/index.php?rest_route=\/wp\/v2\/posts\/16253","targetHints":{"allow":["GET"]}}],"collection":[{"href":"https:\/\/ostrowskatv.pl\/index.php?rest_route=\/wp\/v2\/posts"}],"about":[{"href":"https:\/\/ostrowskatv.pl\/index.php?rest_route=\/wp\/v2\/types\/post"}],"author":[{"embeddable":true,"href":"https:\/\/ostrowskatv.pl\/index.php?rest_route=\/wp\/v2\/users\/1"}],"replies":[{"embeddable":true,"href":"https:\/\/ostrowskatv.pl\/index.php?rest_route=%2Fwp%2Fv2%2Fcomments&post=16253"}],"version-history":[{"count":0,"href":"https:\/\/ostrowskatv.pl\/index.php?rest_route=\/wp\/v2\/posts\/16253\/revisions"}],"wp:featuredmedia":[{"embeddable":true,"href":"https:\/\/ostrowskatv.pl\/index.php?rest_route=\/wp\/v2\/media\/15255"}],"wp:attachment":[{"href":"https:\/\/ostrowskatv.pl\/index.php?rest_route=%2Fwp%2Fv2%2Fmedia&parent=16253"}],"wp:term":[{"taxonomy":"category","embeddable":true,"href":"https:\/\/ostrowskatv.pl\/index.php?rest_route=%2Fwp%2Fv2%2Fcategories&post=16253"},{"taxonomy":"post_tag","embeddable":true,"href":"https:\/\/ostrowskatv.pl\/index.php?rest_route=%2Fwp%2Fv2%2Ftags&post=16253"}],"curies":[{"name":"wp","href":"https:\/\/api.w.org\/{rel}","templated":true}]}}