{"id":16227,"date":"2021-08-11T10:02:53","date_gmt":"2021-08-11T09:02:53","guid":{"rendered":"http:\/\/ostrowska.tv\/?p=16227"},"modified":"2021-08-11T10:06:01","modified_gmt":"2021-08-11T09:06:01","slug":"kuriozalne-tlumaczenie-kierowcy-audi","status":"publish","type":"post","link":"https:\/\/ostrowskatv.pl\/?p=16227","title":{"rendered":"Kuriozalne t\u0142umaczenie kierowcy audi &#8211; kolizja na rondzie bankowym"},"content":{"rendered":"<p><strong>Na rondzie bankowym zderzy\u0142y si\u0119 chevrolet oraz audi. Oba auta wjecha\u0142y na rondo od strony ulicy Chopina, a nast\u0119pnie ich kierowcy chcieli wyjecha\u0107 w ulic\u0119 Wroc\u0142awsk\u0105. Mo\u017cna by rzec, standardowy scenariusz kolizji w tym miejscu.<\/strong><\/p>\n<p>Kobieta w \u015brednim wieku kieruj\u0105ca chevroletem jecha\u0142a wewn\u0119trznym pasem. Zasygnalizowa\u0142a kierunkowskazem zamiar zmiany pasa i ca\u0142\u0105 d\u0142ugo\u015bci\u0105 auta opu\u015bci\u0142a dotychczasowy pas ruchu. Tu\u017c za chevroletem na rondo wjecha\u0142 m\u0142ody kierowca w audi. Pr\u0119dko\u015b\u0107 jego auta by\u0142a wyra\u017anie wy\u017csza do momentu zr\u00f3wnania si\u0119 obu aut.<\/p>\n<p>Kiedy oba auta by\u0142y ju\u017c na pasie wyjazdowym z ronda, kierowca audi dobi\u0142 w bok chevroleta. Jak si\u0119 p\u00f3\u017aniej t\u0142umaczy\u0142 policjantom, nie chcia\u0142 uderzy\u0107 w chevroleta, ale pomy\u015bla\u0142, \u017ce kto\u015b mo\u017ce by\u0107 na prawym pasie, wi\u0119c mia\u0142 odruch, kt\u00f3ry spowodowa\u0142 wjechanie w czarne auto. Jak wida\u0107 na nagraniu, nikogo z jego prawej strony nie by\u0142o.<\/p>\n<p>Bezpo\u015brednio po kolizji \u017c\u0105da\u0142 wezwania policji i nie chcia\u0142 si\u0119 dogada\u0107. Funkcjonariusze po obejrzeniu nagrania nie byli w stanie jednoznacznie stwierdzi\u0107 kto jest sprawc\u0105, dlatego wykonano czynno\u015bci pod k\u0105tem post\u0119powania s\u0105dowego. <\/p>\n<p>W\u0105tpliwo\u015bci budzi tak\u017ce rozmiar zg\u0142aszanych uszkodze\u0144 na audi. Samoch\u00f3d, kt\u00f3ry by\u0142 obity niemal z ka\u017cdej strony, by\u0142 polem do popisu w zg\u0142aszaniu potencjalnych uszkodze\u0144. Pocz\u0105wszy od nadkola, kt\u00f3re faktycznie mog\u0142o ucierpie\u0107 w kolizji, ale policjanci mieli w\u0105tpliwo\u015bci wobec czarnego \u015bladu na zderzaku. By\u0142y na nim odpryski wskazuj\u0105ce na starszy okres powstania \u015bladu. <\/p>\n<p>M\u0142ody m\u0119\u017cczyzna obwinia\u0142 bezpo\u015bredni po zdarzeniu kobiet\u0119 z chevroleta, \u017ce w wyniku kolizji z\u0142o\u017cy\u0142o mu si\u0119 lusterko. Nagranie wskazuje, \u017ce to zosta\u0142o zamkni\u0119te 20 sekund p\u00f3\u017aniej (gdy z ty\u0142u ruszy\u0142 inny samoch\u00f3d).<\/p>\n<p>S\u0105d, najprawdopodobniej przy pomocy bieg\u0142ego, oceni kto spowodowa\u0142 kolizj\u0119. Zostanie ustalone czy zmiana pasa przez kieruj\u0105c\u0105 chevroletem doprowadzi\u0142a do niej czy mo\u017ce dziwny manewr kierowcy audi.<\/p>\n<p><iframe loading=\"lazy\" title=\"Kolizja - Rondo Bankowe - 11.08.2021\" width=\"747\" height=\"420\" src=\"https:\/\/www.youtube.com\/embed\/OAtUCYR7Z0E?feature=oembed\" frameborder=\"0\" allow=\"accelerometer; autoplay; clipboard-write; encrypted-media; gyroscope; picture-in-picture; web-share\" referrerpolicy=\"strict-origin-when-cross-origin\" allowfullscreen><\/iframe><\/p>\n<p><img loading=\"lazy\" decoding=\"async\" src=\"http:\/\/ostrowska.tv\/wp-content\/uploads\/2021\/08\/20210811_092723-01.jpeg\" alt=\"\" width=\"1366\" height=\"769\" class=\"alignnone size-full wp-image-16228\" srcset=\"https:\/\/ostrowskatv.pl\/wp-content\/uploads\/2021\/08\/20210811_092723-01.jpeg 1366w, https:\/\/ostrowskatv.pl\/wp-content\/uploads\/2021\/08\/20210811_092723-01-300x169.jpeg 300w, https:\/\/ostrowskatv.pl\/wp-content\/uploads\/2021\/08\/20210811_092723-01-640x360.jpeg 640w\" sizes=\"auto, (max-width: 1366px) 100vw, 1366px\" \/><\/p>\n<p><img loading=\"lazy\" decoding=\"async\" src=\"http:\/\/ostrowska.tv\/wp-content\/uploads\/2021\/08\/20210811_092716-01.jpeg\" alt=\"\" width=\"1366\" height=\"769\" class=\"alignnone size-full wp-image-16229\" srcset=\"https:\/\/ostrowskatv.pl\/wp-content\/uploads\/2021\/08\/20210811_092716-01.jpeg 1366w, https:\/\/ostrowskatv.pl\/wp-content\/uploads\/2021\/08\/20210811_092716-01-300x169.jpeg 300w, https:\/\/ostrowskatv.pl\/wp-content\/uploads\/2021\/08\/20210811_092716-01-640x360.jpeg 640w\" sizes=\"auto, (max-width: 1366px) 100vw, 1366px\" \/><\/p>\n<p><img loading=\"lazy\" decoding=\"async\" src=\"http:\/\/ostrowska.tv\/wp-content\/uploads\/2021\/08\/20210811_092016-01.jpeg\" alt=\"\" width=\"1366\" height=\"713\" class=\"alignnone size-full wp-image-16230\" srcset=\"https:\/\/ostrowskatv.pl\/wp-content\/uploads\/2021\/08\/20210811_092016-01.jpeg 1366w, https:\/\/ostrowskatv.pl\/wp-content\/uploads\/2021\/08\/20210811_092016-01-300x157.jpeg 300w, https:\/\/ostrowskatv.pl\/wp-content\/uploads\/2021\/08\/20210811_092016-01-640x334.jpeg 640w\" sizes=\"auto, (max-width: 1366px) 100vw, 1366px\" \/><\/p>\n<p><img loading=\"lazy\" decoding=\"async\" src=\"http:\/\/ostrowska.tv\/wp-content\/uploads\/2021\/08\/20210811_091212-01.jpeg\" alt=\"\" width=\"1366\" height=\"979\" class=\"alignnone size-full wp-image-16231\" srcset=\"https:\/\/ostrowskatv.pl\/wp-content\/uploads\/2021\/08\/20210811_091212-01.jpeg 1366w, https:\/\/ostrowskatv.pl\/wp-content\/uploads\/2021\/08\/20210811_091212-01-300x215.jpeg 300w, https:\/\/ostrowskatv.pl\/wp-content\/uploads\/2021\/08\/20210811_091212-01-502x360.jpeg 502w, https:\/\/ostrowskatv.pl\/wp-content\/uploads\/2021\/08\/20210811_091212-01-120x85.jpeg 120w\" sizes=\"auto, (max-width: 1366px) 100vw, 1366px\" \/><\/p>\n<p><img loading=\"lazy\" decoding=\"async\" src=\"http:\/\/ostrowska.tv\/wp-content\/uploads\/2021\/08\/20210811_091152-01.jpeg\" alt=\"\" width=\"1366\" height=\"794\" class=\"alignnone size-full wp-image-16232\" srcset=\"https:\/\/ostrowskatv.pl\/wp-content\/uploads\/2021\/08\/20210811_091152-01.jpeg 1366w, https:\/\/ostrowskatv.pl\/wp-content\/uploads\/2021\/08\/20210811_091152-01-300x174.jpeg 300w, https:\/\/ostrowskatv.pl\/wp-content\/uploads\/2021\/08\/20210811_091152-01-619x360.jpeg 619w\" sizes=\"auto, (max-width: 1366px) 100vw, 1366px\" \/><\/p>\n<p><img loading=\"lazy\" decoding=\"async\" src=\"http:\/\/ostrowska.tv\/wp-content\/uploads\/2021\/08\/20210811_090504-01.jpeg\" alt=\"\" width=\"1366\" height=\"769\" class=\"alignnone size-full wp-image-16233\" srcset=\"https:\/\/ostrowskatv.pl\/wp-content\/uploads\/2021\/08\/20210811_090504-01.jpeg 1366w, https:\/\/ostrowskatv.pl\/wp-content\/uploads\/2021\/08\/20210811_090504-01-300x169.jpeg 300w, https:\/\/ostrowskatv.pl\/wp-content\/uploads\/2021\/08\/20210811_090504-01-640x360.jpeg 640w\" sizes=\"auto, (max-width: 1366px) 100vw, 1366px\" \/><\/p>\n","protected":false},"excerpt":{"rendered":"Na rondzie bankowym zderzy\u0142y si\u0119 chevrolet oraz audi. Oba auta wjecha\u0142y na rondo od strony ulicy Chopina, a nast\u0119pnie ich kierowcy chcieli wyjecha\u0107 \n<a class=\"moretag\" href=\"https:\/\/ostrowskatv.pl\/?p=16227\"> [...]<\/a>","protected":false},"author":1,"featured_media":0,"comment_status":"open","ping_status":"closed","sticky":false,"template":"","format":"standard","meta":{"footnotes":""},"categories":[1],"tags":[48],"class_list":["post-16227","post","type-post","status-publish","format-standard","hentry","category-news","tag-kolizja"],"_links":{"self":[{"href":"https:\/\/ostrowskatv.pl\/index.php?rest_route=\/wp\/v2\/posts\/16227","targetHints":{"allow":["GET"]}}],"collection":[{"href":"https:\/\/ostrowskatv.pl\/index.php?rest_route=\/wp\/v2\/posts"}],"about":[{"href":"https:\/\/ostrowskatv.pl\/index.php?rest_route=\/wp\/v2\/types\/post"}],"author":[{"embeddable":true,"href":"https:\/\/ostrowskatv.pl\/index.php?rest_route=\/wp\/v2\/users\/1"}],"replies":[{"embeddable":true,"href":"https:\/\/ostrowskatv.pl\/index.php?rest_route=%2Fwp%2Fv2%2Fcomments&post=16227"}],"version-history":[{"count":0,"href":"https:\/\/ostrowskatv.pl\/index.php?rest_route=\/wp\/v2\/posts\/16227\/revisions"}],"wp:attachment":[{"href":"https:\/\/ostrowskatv.pl\/index.php?rest_route=%2Fwp%2Fv2%2Fmedia&parent=16227"}],"wp:term":[{"taxonomy":"category","embeddable":true,"href":"https:\/\/ostrowskatv.pl\/index.php?rest_route=%2Fwp%2Fv2%2Fcategories&post=16227"},{"taxonomy":"post_tag","embeddable":true,"href":"https:\/\/ostrowskatv.pl\/index.php?rest_route=%2Fwp%2Fv2%2Ftags&post=16227"}],"curies":[{"name":"wp","href":"https:\/\/api.w.org\/{rel}","templated":true}]}}