{"id":16213,"date":"2021-08-10T19:15:20","date_gmt":"2021-08-10T18:15:20","guid":{"rendered":"http:\/\/ostrowska.tv\/?p=16213"},"modified":"2021-08-10T19:15:20","modified_gmt":"2021-08-10T18:15:20","slug":"protestowali-przeciwko-zamachowi-na-tvn24","status":"publish","type":"post","link":"https:\/\/ostrowskatv.pl\/?p=16213","title":{"rendered":"Protestowali przeciwko zamachowi na TVN24"},"content":{"rendered":"<p><strong>200 mieszka\u0144c\u00f3w przysz\u0142o w poniedzia\u0142kowe popo\u0142udnie na ostrowski Rynek. Dzi\u015b w ca\u0142ej Polsce organizowane by\u0142y protesty przeciwko pr\u00f3bie ograniczenia dzia\u0142alno\u015bci TVN\/TVN24. Jutro projekt ustawy w tym temacie ma by\u0107 g\u0142osowany w Sejmie.<\/strong><\/p>\n<p>Manifestacj\u0119 organizowa\u0142 Ostrowski Spacer Protestacyjny &#8222;\u0141a\u0144cuch \u015awiat\u0142a&#8221; pod przewodnictwem Jerzego W\u00f3jcickiego. Na p\u0142ycie rynku przyszli zar\u00f3wno m\u0142odzi jak i seniorzy, cho\u0107 tych drugich by\u0142o znacznie wi\u0119cej.<\/p>\n<p>Zapytali\u015bmy mieszka\u0144c\u00f3w dlaczego postanowili dzi\u015b wzi\u0105\u0107 udzia\u0142 w prote\u015bcie.<\/p>\n<p>Pan Andrzej &#8211; Ja chodz\u0119 na prawie wszystkie protesty w sprawie wolnych s\u0105d\u00f3w. My\u015bl\u0119, \u017ce ka\u017cdy normalny, porz\u0105dny cz\u0142owiek powinien si\u0119 pojawi\u0107 na prote\u015bcie w sprawie wolnych medi\u00f3w, dlatego \u017ce brak tych medi\u00f3w, to ostatni akcent do tego \u017ceby\u015bmy mieli pe\u0142ne rz\u0105dy autorytarne w Polsce. PiS robi wszystko, \u017ceby je zlikwidowa\u0107 i ciekaw jestem do czego jeszcze si\u0119 posunie.<\/p>\n<p>Pan Edward &#8211; Uwa\u017cam, \u017ce wolne media to jest podstawa demokracji, bez wolnych medi\u00f3w nie b\u0119dziemy mogli \u017cy\u0107 tak jak \u017cyj\u0105 ludzie wolni, to jest pow\u00f3d przede wszystkim.<\/p>\n<p>Nikodem &#8211; Wraz ze znajomymi przyszli\u015bmy zamanifestowa\u0107 po prostu w obronie wolno\u015bci s\u0142owa, wolno\u015bci wyboru, wolno\u015bci medi\u00f3w. Bez wolnych medi\u00f3w nie ma wolnych wybor\u00f3w i dlatego tu jeste\u015bmy dzisiaj. TVN24 r\u00f3wnie\u017c jest w internecie. Poza tym ka\u017cdy medium jest wa\u017cne, poniewa\u017c spo\u0142ecze\u0144stwo jest do\u015b\u0107 szerokie. My jako m\u0142odzi ludzie jeste\u015bmy cz\u0119\u015bci\u0105 spo\u0142ecze\u0144stwa i chcemy aby telewizja by\u0142a wolna i dlatego te\u017c tutaj jeste\u015bmy.<\/p>\n<p>Mieszkanka &#8211; Nie mia\u0142abym co ogl\u0105da\u0107 gdyby nie by\u0142o TVN24. Ja w\u0142a\u015bciwie teraz ogl\u0105dam tylko 24 TVN. bo pozosta\u0142e telewizje prawdy nie m\u00f3wi\u0105, co wida\u0107 normalnie, wida\u0107 to ca\u0142y czas.<\/p>\n<p><img loading=\"lazy\" decoding=\"async\" src=\"http:\/\/ostrowska.tv\/wp-content\/uploads\/2021\/08\/protest_rynek_01.jpg\" alt=\"\" width=\"1920\" height=\"1080\" class=\"alignnone size-full wp-image-16211\" srcset=\"https:\/\/ostrowskatv.pl\/wp-content\/uploads\/2021\/08\/protest_rynek_01.jpg 1920w, https:\/\/ostrowskatv.pl\/wp-content\/uploads\/2021\/08\/protest_rynek_01-300x169.jpg 300w, https:\/\/ostrowskatv.pl\/wp-content\/uploads\/2021\/08\/protest_rynek_01-640x360.jpg 640w, https:\/\/ostrowskatv.pl\/wp-content\/uploads\/2021\/08\/protest_rynek_01-1536x864.jpg 1536w\" sizes=\"auto, (max-width: 1920px) 100vw, 1920px\" \/><\/p>\n<p><img loading=\"lazy\" decoding=\"async\" src=\"http:\/\/ostrowska.tv\/wp-content\/uploads\/2021\/08\/20210810_180311-01.jpeg\" alt=\"\" width=\"1366\" height=\"769\" class=\"alignnone size-full wp-image-16216\" srcset=\"https:\/\/ostrowskatv.pl\/wp-content\/uploads\/2021\/08\/20210810_180311-01.jpeg 1366w, https:\/\/ostrowskatv.pl\/wp-content\/uploads\/2021\/08\/20210810_180311-01-300x169.jpeg 300w, https:\/\/ostrowskatv.pl\/wp-content\/uploads\/2021\/08\/20210810_180311-01-640x360.jpeg 640w\" sizes=\"auto, (max-width: 1366px) 100vw, 1366px\" \/><\/p>\n<p><img loading=\"lazy\" decoding=\"async\" src=\"http:\/\/ostrowska.tv\/wp-content\/uploads\/2021\/08\/20210810_180715-01.jpeg\" alt=\"\" width=\"1366\" height=\"769\" class=\"alignnone size-full wp-image-16217\" srcset=\"https:\/\/ostrowskatv.pl\/wp-content\/uploads\/2021\/08\/20210810_180715-01.jpeg 1366w, https:\/\/ostrowskatv.pl\/wp-content\/uploads\/2021\/08\/20210810_180715-01-300x169.jpeg 300w, https:\/\/ostrowskatv.pl\/wp-content\/uploads\/2021\/08\/20210810_180715-01-640x360.jpeg 640w\" sizes=\"auto, (max-width: 1366px) 100vw, 1366px\" \/><\/p>\n<p><img loading=\"lazy\" decoding=\"async\" src=\"http:\/\/ostrowska.tv\/wp-content\/uploads\/2021\/08\/20210810_180718-01.jpeg\" alt=\"\" width=\"1366\" height=\"769\" class=\"alignnone size-full wp-image-16218\" srcset=\"https:\/\/ostrowskatv.pl\/wp-content\/uploads\/2021\/08\/20210810_180718-01.jpeg 1366w, https:\/\/ostrowskatv.pl\/wp-content\/uploads\/2021\/08\/20210810_180718-01-300x169.jpeg 300w, https:\/\/ostrowskatv.pl\/wp-content\/uploads\/2021\/08\/20210810_180718-01-640x360.jpeg 640w\" sizes=\"auto, (max-width: 1366px) 100vw, 1366px\" \/><\/p>\n<p><img loading=\"lazy\" decoding=\"async\" src=\"http:\/\/ostrowska.tv\/wp-content\/uploads\/2021\/08\/20210810_180721-01.jpeg\" alt=\"\" width=\"1366\" height=\"769\" class=\"alignnone size-full wp-image-16219\" srcset=\"https:\/\/ostrowskatv.pl\/wp-content\/uploads\/2021\/08\/20210810_180721-01.jpeg 1366w, https:\/\/ostrowskatv.pl\/wp-content\/uploads\/2021\/08\/20210810_180721-01-300x169.jpeg 300w, https:\/\/ostrowskatv.pl\/wp-content\/uploads\/2021\/08\/20210810_180721-01-640x360.jpeg 640w\" sizes=\"auto, (max-width: 1366px) 100vw, 1366px\" \/><\/p>\n<p><img loading=\"lazy\" decoding=\"async\" src=\"http:\/\/ostrowska.tv\/wp-content\/uploads\/2021\/08\/20210810_180723-01.jpeg\" alt=\"\" width=\"1366\" height=\"769\" class=\"alignnone size-full wp-image-16220\" srcset=\"https:\/\/ostrowskatv.pl\/wp-content\/uploads\/2021\/08\/20210810_180723-01.jpeg 1366w, https:\/\/ostrowskatv.pl\/wp-content\/uploads\/2021\/08\/20210810_180723-01-300x169.jpeg 300w, https:\/\/ostrowskatv.pl\/wp-content\/uploads\/2021\/08\/20210810_180723-01-640x360.jpeg 640w\" sizes=\"auto, (max-width: 1366px) 100vw, 1366px\" \/><\/p>\n<p><img loading=\"lazy\" decoding=\"async\" src=\"http:\/\/ostrowska.tv\/wp-content\/uploads\/2021\/08\/20210810_180726-01.jpeg\" alt=\"\" width=\"1366\" height=\"769\" class=\"alignnone size-full wp-image-16221\" srcset=\"https:\/\/ostrowskatv.pl\/wp-content\/uploads\/2021\/08\/20210810_180726-01.jpeg 1366w, https:\/\/ostrowskatv.pl\/wp-content\/uploads\/2021\/08\/20210810_180726-01-300x169.jpeg 300w, https:\/\/ostrowskatv.pl\/wp-content\/uploads\/2021\/08\/20210810_180726-01-640x360.jpeg 640w\" sizes=\"auto, (max-width: 1366px) 100vw, 1366px\" \/><\/p>\n<p><img loading=\"lazy\" decoding=\"async\" src=\"http:\/\/ostrowska.tv\/wp-content\/uploads\/2021\/08\/20210810_180736-01.jpeg\" alt=\"\" width=\"1366\" height=\"678\" class=\"alignnone size-full wp-image-16222\" srcset=\"https:\/\/ostrowskatv.pl\/wp-content\/uploads\/2021\/08\/20210810_180736-01.jpeg 1366w, https:\/\/ostrowskatv.pl\/wp-content\/uploads\/2021\/08\/20210810_180736-01-300x149.jpeg 300w, https:\/\/ostrowskatv.pl\/wp-content\/uploads\/2021\/08\/20210810_180736-01-640x318.jpeg 640w\" sizes=\"auto, (max-width: 1366px) 100vw, 1366px\" \/><\/p>\n<p><img loading=\"lazy\" decoding=\"async\" src=\"http:\/\/ostrowska.tv\/wp-content\/uploads\/2021\/08\/20210810_180739-01.jpeg\" alt=\"\" width=\"1366\" height=\"711\" class=\"alignnone size-full wp-image-16223\" srcset=\"https:\/\/ostrowskatv.pl\/wp-content\/uploads\/2021\/08\/20210810_180739-01.jpeg 1366w, https:\/\/ostrowskatv.pl\/wp-content\/uploads\/2021\/08\/20210810_180739-01-300x156.jpeg 300w, https:\/\/ostrowskatv.pl\/wp-content\/uploads\/2021\/08\/20210810_180739-01-640x333.jpeg 640w\" sizes=\"auto, (max-width: 1366px) 100vw, 1366px\" \/><\/p>\n<p><img loading=\"lazy\" decoding=\"async\" src=\"http:\/\/ostrowska.tv\/wp-content\/uploads\/2021\/08\/20210810_180308-01.jpeg\" alt=\"\" width=\"1366\" height=\"769\" class=\"alignnone size-full wp-image-16224\" srcset=\"https:\/\/ostrowskatv.pl\/wp-content\/uploads\/2021\/08\/20210810_180308-01.jpeg 1366w, https:\/\/ostrowskatv.pl\/wp-content\/uploads\/2021\/08\/20210810_180308-01-300x169.jpeg 300w, https:\/\/ostrowskatv.pl\/wp-content\/uploads\/2021\/08\/20210810_180308-01-640x360.jpeg 640w\" sizes=\"auto, (max-width: 1366px) 100vw, 1366px\" \/><\/p>\n<p><img loading=\"lazy\" decoding=\"async\" src=\"http:\/\/ostrowska.tv\/wp-content\/uploads\/2021\/08\/protest_rynek_02.jpg\" alt=\"\" width=\"1920\" height=\"943\" class=\"alignnone size-full wp-image-16212\" srcset=\"https:\/\/ostrowskatv.pl\/wp-content\/uploads\/2021\/08\/protest_rynek_02.jpg 1920w, https:\/\/ostrowskatv.pl\/wp-content\/uploads\/2021\/08\/protest_rynek_02-300x147.jpg 300w, https:\/\/ostrowskatv.pl\/wp-content\/uploads\/2021\/08\/protest_rynek_02-640x314.jpg 640w, https:\/\/ostrowskatv.pl\/wp-content\/uploads\/2021\/08\/protest_rynek_02-1536x754.jpg 1536w\" sizes=\"auto, (max-width: 1920px) 100vw, 1920px\" \/><\/p>\n","protected":false},"excerpt":{"rendered":"200 mieszka\u0144c\u00f3w przysz\u0142o w poniedzia\u0142kowe popo\u0142udnie na ostrowski Rynek. Dzi\u015b w ca\u0142ej Polsce organizowane by\u0142y protesty przeciwko pr\u00f3bie ograniczenia dzia\u0142alno\u015bci TVN\/TVN24. Jutro projekt \n<a class=\"moretag\" href=\"https:\/\/ostrowskatv.pl\/?p=16213\"> [...]<\/a>","protected":false},"author":1,"featured_media":16212,"comment_status":"open","ping_status":"closed","sticky":false,"template":"","format":"standard","meta":{"footnotes":""},"categories":[1],"tags":[213],"class_list":["post-16213","post","type-post","status-publish","format-standard","has-post-thumbnail","hentry","category-news","tag-protest"],"_links":{"self":[{"href":"https:\/\/ostrowskatv.pl\/index.php?rest_route=\/wp\/v2\/posts\/16213","targetHints":{"allow":["GET"]}}],"collection":[{"href":"https:\/\/ostrowskatv.pl\/index.php?rest_route=\/wp\/v2\/posts"}],"about":[{"href":"https:\/\/ostrowskatv.pl\/index.php?rest_route=\/wp\/v2\/types\/post"}],"author":[{"embeddable":true,"href":"https:\/\/ostrowskatv.pl\/index.php?rest_route=\/wp\/v2\/users\/1"}],"replies":[{"embeddable":true,"href":"https:\/\/ostrowskatv.pl\/index.php?rest_route=%2Fwp%2Fv2%2Fcomments&post=16213"}],"version-history":[{"count":0,"href":"https:\/\/ostrowskatv.pl\/index.php?rest_route=\/wp\/v2\/posts\/16213\/revisions"}],"wp:featuredmedia":[{"embeddable":true,"href":"https:\/\/ostrowskatv.pl\/index.php?rest_route=\/wp\/v2\/media\/16212"}],"wp:attachment":[{"href":"https:\/\/ostrowskatv.pl\/index.php?rest_route=%2Fwp%2Fv2%2Fmedia&parent=16213"}],"wp:term":[{"taxonomy":"category","embeddable":true,"href":"https:\/\/ostrowskatv.pl\/index.php?rest_route=%2Fwp%2Fv2%2Fcategories&post=16213"},{"taxonomy":"post_tag","embeddable":true,"href":"https:\/\/ostrowskatv.pl\/index.php?rest_route=%2Fwp%2Fv2%2Ftags&post=16213"}],"curies":[{"name":"wp","href":"https:\/\/api.w.org\/{rel}","templated":true}]}}