{"id":16200,"date":"2021-08-09T22:40:44","date_gmt":"2021-08-09T21:40:44","guid":{"rendered":"http:\/\/ostrowska.tv\/?p=16200"},"modified":"2021-08-09T22:40:44","modified_gmt":"2021-08-09T21:40:44","slug":"zderzenie-mercedesa-i-busa-na-obwodnicy","status":"publish","type":"post","link":"https:\/\/ostrowskatv.pl\/?p=16200","title":{"rendered":"Zderzenie mercedesa i busa na obwodnicy"},"content":{"rendered":"<p><strong>S\u0142u\u017cby zosta\u0142y powiadomione o wypadku na obwodnicy Ostrowa Wielkopolskiego. Okaza\u0142o si\u0119, \u017ce zderzy\u0142y si\u0119 tam osobowy mercedes i bus marki opel<\/strong>.<\/p>\n<p>Oba samochody jecha\u0142y od ronda Strugi w kierunku Poznania. Oko\u0142o 30-letni kierowca mercedesa jecha\u0142 prawym pasem docelowo do Go\u0142uchowa. Wcze\u015bniej kupi\u0142 ma\u0142e rybki, kt\u00f3re zamierza\u0142 spo\u0142ecznie wrzuci\u0107 do zbiornika w Go\u0142uchowie.<\/p>\n<p>Obwodnic\u0105 Ostrowa lewym pasem jecha\u0142 bus marki Opel. Podr\u00f3\u017cowa\u0142o nim 9 os\u00f3b. Kierowca busa postanowi\u0142 zjecha\u0107 z lewego pasa na prawy. Wtedy uderzy\u0142 w jego tylny naro\u017cnik rozp\u0119dzony mercedes.<\/p>\n<p>Bus przewr\u00f3ci\u0142 si\u0119, zacz\u0105\u0142 sun\u0105\u0107 po asfalcie obracaj\u0105c si\u0119. Jedna z nieoficjalnych informacji wskazuje, \u017ce z busa wypad\u0142a kobieta. Jej kontakt z asfaltem zako\u0144czy\u0142 si\u0119 bardzo mocnym zdarciem sk\u00f3ry.<\/p>\n<p>Ostatecznie do szpitala przewieziono 7 os\u00f3b. 4 dzieci i 3 doros\u0142e.<\/p>\n<p>Ruch na obwodnicy udro\u017cniono po ponad godzinie.<\/p>\n<p><img loading=\"lazy\" decoding=\"async\" src=\"http:\/\/ostrowska.tv\/wp-content\/uploads\/2021\/08\/20210809_225203-01.jpeg\" alt=\"\" width=\"1366\" height=\"751\" class=\"alignnone size-full wp-image-16202\" srcset=\"https:\/\/ostrowskatv.pl\/wp-content\/uploads\/2021\/08\/20210809_225203-01.jpeg 1366w, https:\/\/ostrowskatv.pl\/wp-content\/uploads\/2021\/08\/20210809_225203-01-300x165.jpeg 300w, https:\/\/ostrowskatv.pl\/wp-content\/uploads\/2021\/08\/20210809_225203-01-640x352.jpeg 640w\" sizes=\"auto, (max-width: 1366px) 100vw, 1366px\" \/><\/p>\n<p><img loading=\"lazy\" decoding=\"async\" src=\"http:\/\/ostrowska.tv\/wp-content\/uploads\/2021\/08\/20210809_225232-01.jpeg\" alt=\"\" width=\"1365\" height=\"819\" class=\"alignnone size-full wp-image-16203\" srcset=\"https:\/\/ostrowskatv.pl\/wp-content\/uploads\/2021\/08\/20210809_225232-01.jpeg 1365w, https:\/\/ostrowskatv.pl\/wp-content\/uploads\/2021\/08\/20210809_225232-01-300x180.jpeg 300w, https:\/\/ostrowskatv.pl\/wp-content\/uploads\/2021\/08\/20210809_225232-01-600x360.jpeg 600w\" sizes=\"auto, (max-width: 1365px) 100vw, 1365px\" \/><\/p>\n<p><img loading=\"lazy\" decoding=\"async\" src=\"http:\/\/ostrowska.tv\/wp-content\/uploads\/2021\/08\/20210809_225237-01.jpeg\" alt=\"\" width=\"1366\" height=\"769\" class=\"alignnone size-full wp-image-16204\" srcset=\"https:\/\/ostrowskatv.pl\/wp-content\/uploads\/2021\/08\/20210809_225237-01.jpeg 1366w, https:\/\/ostrowskatv.pl\/wp-content\/uploads\/2021\/08\/20210809_225237-01-300x169.jpeg 300w, https:\/\/ostrowskatv.pl\/wp-content\/uploads\/2021\/08\/20210809_225237-01-640x360.jpeg 640w\" sizes=\"auto, (max-width: 1366px) 100vw, 1366px\" \/><\/p>\n<p><img loading=\"lazy\" decoding=\"async\" src=\"http:\/\/ostrowska.tv\/wp-content\/uploads\/2021\/08\/20210809_225242-01.jpeg\" alt=\"\" width=\"1366\" height=\"769\" class=\"alignnone size-full wp-image-16205\" srcset=\"https:\/\/ostrowskatv.pl\/wp-content\/uploads\/2021\/08\/20210809_225242-01.jpeg 1366w, https:\/\/ostrowskatv.pl\/wp-content\/uploads\/2021\/08\/20210809_225242-01-300x169.jpeg 300w, https:\/\/ostrowskatv.pl\/wp-content\/uploads\/2021\/08\/20210809_225242-01-640x360.jpeg 640w\" sizes=\"auto, (max-width: 1366px) 100vw, 1366px\" \/><\/p>\n<p><img loading=\"lazy\" decoding=\"async\" src=\"http:\/\/ostrowska.tv\/wp-content\/uploads\/2021\/08\/20210809_230059-01.jpeg\" alt=\"\" width=\"1365\" height=\"834\" class=\"alignnone size-full wp-image-16206\" srcset=\"https:\/\/ostrowskatv.pl\/wp-content\/uploads\/2021\/08\/20210809_230059-01.jpeg 1365w, https:\/\/ostrowskatv.pl\/wp-content\/uploads\/2021\/08\/20210809_230059-01-300x183.jpeg 300w, https:\/\/ostrowskatv.pl\/wp-content\/uploads\/2021\/08\/20210809_230059-01-589x360.jpeg 589w\" sizes=\"auto, (max-width: 1365px) 100vw, 1365px\" \/><\/p>\n<p><img loading=\"lazy\" decoding=\"async\" src=\"http:\/\/ostrowska.tv\/wp-content\/uploads\/2021\/08\/20210809_230109-01.jpeg\" alt=\"\" width=\"1366\" height=\"769\" class=\"alignnone size-full wp-image-16207\" srcset=\"https:\/\/ostrowskatv.pl\/wp-content\/uploads\/2021\/08\/20210809_230109-01.jpeg 1366w, https:\/\/ostrowskatv.pl\/wp-content\/uploads\/2021\/08\/20210809_230109-01-300x169.jpeg 300w, https:\/\/ostrowskatv.pl\/wp-content\/uploads\/2021\/08\/20210809_230109-01-640x360.jpeg 640w\" sizes=\"auto, (max-width: 1366px) 100vw, 1366px\" \/><\/p>\n<p><img loading=\"lazy\" decoding=\"async\" src=\"http:\/\/ostrowska.tv\/wp-content\/uploads\/2021\/08\/20210809_231320-01.jpeg\" alt=\"\" width=\"1366\" height=\"769\" class=\"alignnone size-full wp-image-16208\" srcset=\"https:\/\/ostrowskatv.pl\/wp-content\/uploads\/2021\/08\/20210809_231320-01.jpeg 1366w, https:\/\/ostrowskatv.pl\/wp-content\/uploads\/2021\/08\/20210809_231320-01-300x169.jpeg 300w, https:\/\/ostrowskatv.pl\/wp-content\/uploads\/2021\/08\/20210809_231320-01-640x360.jpeg 640w\" sizes=\"auto, (max-width: 1366px) 100vw, 1366px\" \/><\/p>\n<p><img loading=\"lazy\" decoding=\"async\" src=\"http:\/\/ostrowska.tv\/wp-content\/uploads\/2021\/08\/20210809_231324-01.jpeg\" alt=\"\" width=\"1366\" height=\"659\" class=\"alignnone size-full wp-image-16209\" srcset=\"https:\/\/ostrowskatv.pl\/wp-content\/uploads\/2021\/08\/20210809_231324-01.jpeg 1366w, https:\/\/ostrowskatv.pl\/wp-content\/uploads\/2021\/08\/20210809_231324-01-300x145.jpeg 300w, https:\/\/ostrowskatv.pl\/wp-content\/uploads\/2021\/08\/20210809_231324-01-640x309.jpeg 640w\" sizes=\"auto, (max-width: 1366px) 100vw, 1366px\" \/><\/p>\n","protected":false},"excerpt":{"rendered":"S\u0142u\u017cby zosta\u0142y powiadomione o wypadku na obwodnicy Ostrowa Wielkopolskiego. Okaza\u0142o si\u0119, \u017ce zderzy\u0142y si\u0119 tam osobowy mercedes i bus marki opel. Oba samochody \n<a class=\"moretag\" href=\"https:\/\/ostrowskatv.pl\/?p=16200\"> [...]<\/a>","protected":false},"author":1,"featured_media":16203,"comment_status":"open","ping_status":"closed","sticky":false,"template":"","format":"standard","meta":{"footnotes":""},"categories":[1],"tags":[11],"class_list":["post-16200","post","type-post","status-publish","format-standard","has-post-thumbnail","hentry","category-news","tag-wypadek"],"_links":{"self":[{"href":"https:\/\/ostrowskatv.pl\/index.php?rest_route=\/wp\/v2\/posts\/16200","targetHints":{"allow":["GET"]}}],"collection":[{"href":"https:\/\/ostrowskatv.pl\/index.php?rest_route=\/wp\/v2\/posts"}],"about":[{"href":"https:\/\/ostrowskatv.pl\/index.php?rest_route=\/wp\/v2\/types\/post"}],"author":[{"embeddable":true,"href":"https:\/\/ostrowskatv.pl\/index.php?rest_route=\/wp\/v2\/users\/1"}],"replies":[{"embeddable":true,"href":"https:\/\/ostrowskatv.pl\/index.php?rest_route=%2Fwp%2Fv2%2Fcomments&post=16200"}],"version-history":[{"count":0,"href":"https:\/\/ostrowskatv.pl\/index.php?rest_route=\/wp\/v2\/posts\/16200\/revisions"}],"wp:featuredmedia":[{"embeddable":true,"href":"https:\/\/ostrowskatv.pl\/index.php?rest_route=\/wp\/v2\/media\/16203"}],"wp:attachment":[{"href":"https:\/\/ostrowskatv.pl\/index.php?rest_route=%2Fwp%2Fv2%2Fmedia&parent=16200"}],"wp:term":[{"taxonomy":"category","embeddable":true,"href":"https:\/\/ostrowskatv.pl\/index.php?rest_route=%2Fwp%2Fv2%2Fcategories&post=16200"},{"taxonomy":"post_tag","embeddable":true,"href":"https:\/\/ostrowskatv.pl\/index.php?rest_route=%2Fwp%2Fv2%2Ftags&post=16200"}],"curies":[{"name":"wp","href":"https:\/\/api.w.org\/{rel}","templated":true}]}}