{"id":16188,"date":"2021-08-09T15:02:52","date_gmt":"2021-08-09T14:02:52","guid":{"rendered":"http:\/\/ostrowska.tv\/?p=16188"},"modified":"2021-08-09T15:02:52","modified_gmt":"2021-08-09T14:02:52","slug":"rogatka-na-policyjnym-wozie-policjant-ukarany","status":"publish","type":"post","link":"https:\/\/ostrowskatv.pl\/?p=16188","title":{"rendered":"Rogatka na policyjnym wozie. Policjant ukarany"},"content":{"rendered":"<p><strong>Kilka dni temu portale spo\u0142eczno\u015bciowe obieg\u0142o zdj\u0119cie z policyjnym wozem z wydzia\u0142u konwojowego. Funkcjonariusz policji wjecha\u0142 na przejazd kolejowy przy ulicy S\u0142onecznej w Ostrowie Wielkopolskim. Nie opu\u015bci\u0142 go zanim zamkn\u0119\u0142a si\u0119 na nim rogatka.<\/strong\n\n\n\n<blockquote>w zwi\u0105zku z pope\u0142nionymi wykroczeniami, policjant zosta\u0142 ukarany mandatami karnymi w \u0142\u0105cznej kwocie 800 z\u0142otych, otrzyma\u0142 te\u017c 10 punkt\u00f3w karnych. Rogatka i radiow\u00f3z nie zosta\u0142y uszkodzone. Radiowozem kierowa\u0142 policjant Wydzia\u0142u Konwojowego Komendy Wojew\u00f3dzkiej Policji w Poznaniu, pe\u0142ni\u0105cy s\u0142u\u017cb\u0119 na terenie powiatu ostrowskiego. &#8211; poinformowa\u0142a Ma\u0142gorzata Micha\u015b z ostrowskiej komendy.<\/p><\/blockquote>\n","protected":false},"excerpt":{"rendered":"Kilka dni temu portale spo\u0142eczno\u015bciowe obieg\u0142o zdj\u0119cie z policyjnym wozem z wydzia\u0142u konwojowego. Funkcjonariusz policji wjecha\u0142 na przejazd kolejowy przy ulicy S\u0142onecznej w \n<a class=\"moretag\" href=\"https:\/\/ostrowskatv.pl\/?p=16188\"> [...]<\/a>","protected":false},"author":1,"featured_media":16187,"comment_status":"open","ping_status":"closed","sticky":false,"template":"","format":"standard","meta":{"footnotes":""},"categories":[1],"tags":[34],"class_list":["post-16188","post","type-post","status-publish","format-standard","has-post-thumbnail","hentry","category-news","tag-policja"],"_links":{"self":[{"href":"https:\/\/ostrowskatv.pl\/index.php?rest_route=\/wp\/v2\/posts\/16188","targetHints":{"allow":["GET"]}}],"collection":[{"href":"https:\/\/ostrowskatv.pl\/index.php?rest_route=\/wp\/v2\/posts"}],"about":[{"href":"https:\/\/ostrowskatv.pl\/index.php?rest_route=\/wp\/v2\/types\/post"}],"author":[{"embeddable":true,"href":"https:\/\/ostrowskatv.pl\/index.php?rest_route=\/wp\/v2\/users\/1"}],"replies":[{"embeddable":true,"href":"https:\/\/ostrowskatv.pl\/index.php?rest_route=%2Fwp%2Fv2%2Fcomments&post=16188"}],"version-history":[{"count":0,"href":"https:\/\/ostrowskatv.pl\/index.php?rest_route=\/wp\/v2\/posts\/16188\/revisions"}],"wp:featuredmedia":[{"embeddable":true,"href":"https:\/\/ostrowskatv.pl\/index.php?rest_route=\/wp\/v2\/media\/16187"}],"wp:attachment":[{"href":"https:\/\/ostrowskatv.pl\/index.php?rest_route=%2Fwp%2Fv2%2Fmedia&parent=16188"}],"wp:term":[{"taxonomy":"category","embeddable":true,"href":"https:\/\/ostrowskatv.pl\/index.php?rest_route=%2Fwp%2Fv2%2Fcategories&post=16188"},{"taxonomy":"post_tag","embeddable":true,"href":"https:\/\/ostrowskatv.pl\/index.php?rest_route=%2Fwp%2Fv2%2Ftags&post=16188"}],"curies":[{"name":"wp","href":"https:\/\/api.w.org\/{rel}","templated":true}]}}