{"id":16176,"date":"2021-08-09T07:32:23","date_gmt":"2021-08-09T06:32:23","guid":{"rendered":"http:\/\/ostrowska.tv\/?p=16176"},"modified":"2021-08-09T08:34:08","modified_gmt":"2021-08-09T07:34:08","slug":"powaznie-ranny-rowerzysta-na-bezpiecznym-skrzyzowaniu","status":"publish","type":"post","link":"https:\/\/ostrowskatv.pl\/?p=16176","title":{"rendered":"Powa\u017cnie ranny rowerzysta po przejechaniu przez ci\u0119\u017car\u00f3wk\u0119"},"content":{"rendered":"<p style=\"text-align: left;\"><strong>Oko\u0142o 30-40-letni rowerzysta zosta\u0142 powa\u017cnie potr\u0105cony przez samoch\u00f3d ci\u0119\u017carowy. Dozna\u0142 licznych uraz\u00f3w m. in. ko\u0144czyn dolnych, r\u0119ki i jest podejrzenie urazu miednicy.\u00a0<\/strong><\/p>\n<p>M\u0119\u017cczyzna jecha\u0142 na rowerze od strony ko\u015bcio\u0142a p. w. \u015bw. Antoniego. Na skrzy\u017cowaniu z Alej\u0105 S\u0142owackiego jecha\u0142 na wprost po ulicy Raszkowskiej. Z jednego z nagra\u0144, monitoringu wynika, \u017ce rowerzysta omin\u0105\u0142 stoj\u0105ce przed \u015bwiat\u0142ami pojazdy, w tym ci\u0119\u017car\u00f3wk\u0119. Kiedy sygnalizator pokaza\u0142 zielone \u015bwiat\u0142o, pojazdy ruszy\u0142y. Rowerzysta znajdujac si\u0119 w tzw. martwym punkcie zosta\u0142 potr\u0105cony przez skr\u0119caj\u0105cy samoch\u00f3d ci\u0119\u017carowy. Zosta\u0142 jeszcze przeci\u0105gni\u0119ty kilka metr\u00f3w a\u017c do przej\u015bcia dla pieszych.<\/p>\n<p>Przypominamy, \u017ce kierowcy samochod\u00f3w ci\u0119\u017carowych nie widz\u0105 tego co si\u0119 znajduje nawet 2-3 metry od pojazdu.<\/p>\n<p><img loading=\"lazy\" decoding=\"async\" class=\"alignnone size-full wp-image-16185\" src=\"http:\/\/ostrowska.tv\/wp-content\/uploads\/2021\/08\/ciezarowka-schemat-widocznosci.jpg\" alt=\"\" width=\"1200\" height=\"1338\" srcset=\"https:\/\/ostrowskatv.pl\/wp-content\/uploads\/2021\/08\/ciezarowka-schemat-widocznosci.jpg 1200w, https:\/\/ostrowskatv.pl\/wp-content\/uploads\/2021\/08\/ciezarowka-schemat-widocznosci-269x300.jpg 269w, https:\/\/ostrowskatv.pl\/wp-content\/uploads\/2021\/08\/ciezarowka-schemat-widocznosci-323x360.jpg 323w\" sizes=\"auto, (max-width: 1200px) 100vw, 1200px\" \/><\/p>\n<p><img loading=\"lazy\" decoding=\"async\" class=\"alignnone size-full wp-image-16177\" src=\"http:\/\/ostrowska.tv\/wp-content\/uploads\/2021\/08\/20210809_082336-01.jpeg\" alt=\"\" width=\"1366\" height=\"715\" srcset=\"https:\/\/ostrowskatv.pl\/wp-content\/uploads\/2021\/08\/20210809_082336-01.jpeg 1366w, https:\/\/ostrowskatv.pl\/wp-content\/uploads\/2021\/08\/20210809_082336-01-300x157.jpeg 300w, https:\/\/ostrowskatv.pl\/wp-content\/uploads\/2021\/08\/20210809_082336-01-640x335.jpeg 640w\" sizes=\"auto, (max-width: 1366px) 100vw, 1366px\" \/><\/p>\n<p><img loading=\"lazy\" decoding=\"async\" class=\"alignnone size-full wp-image-16178\" src=\"http:\/\/ostrowska.tv\/wp-content\/uploads\/2021\/08\/20210809_082401-01.jpeg\" alt=\"\" width=\"1366\" height=\"769\" srcset=\"https:\/\/ostrowskatv.pl\/wp-content\/uploads\/2021\/08\/20210809_082401-01.jpeg 1366w, https:\/\/ostrowskatv.pl\/wp-content\/uploads\/2021\/08\/20210809_082401-01-300x169.jpeg 300w, https:\/\/ostrowskatv.pl\/wp-content\/uploads\/2021\/08\/20210809_082401-01-640x360.jpeg 640w\" sizes=\"auto, (max-width: 1366px) 100vw, 1366px\" \/><\/p>\n<p><img loading=\"lazy\" decoding=\"async\" class=\"alignnone size-full wp-image-16179\" src=\"http:\/\/ostrowska.tv\/wp-content\/uploads\/2021\/08\/20210809_082413-01.jpeg\" alt=\"\" width=\"1366\" height=\"683\" srcset=\"https:\/\/ostrowskatv.pl\/wp-content\/uploads\/2021\/08\/20210809_082413-01.jpeg 1366w, https:\/\/ostrowskatv.pl\/wp-content\/uploads\/2021\/08\/20210809_082413-01-300x150.jpeg 300w, https:\/\/ostrowskatv.pl\/wp-content\/uploads\/2021\/08\/20210809_082413-01-640x320.jpeg 640w\" sizes=\"auto, (max-width: 1366px) 100vw, 1366px\" \/><\/p>\n<p><img loading=\"lazy\" decoding=\"async\" class=\"alignnone size-full wp-image-16182\" src=\"http:\/\/ostrowska.tv\/wp-content\/uploads\/2021\/08\/20210809_084255-01.jpeg\" alt=\"\" width=\"1366\" height=\"700\" srcset=\"https:\/\/ostrowskatv.pl\/wp-content\/uploads\/2021\/08\/20210809_084255-01.jpeg 1366w, https:\/\/ostrowskatv.pl\/wp-content\/uploads\/2021\/08\/20210809_084255-01-300x154.jpeg 300w, https:\/\/ostrowskatv.pl\/wp-content\/uploads\/2021\/08\/20210809_084255-01-640x328.jpeg 640w\" sizes=\"auto, (max-width: 1366px) 100vw, 1366px\" \/> <img loading=\"lazy\" decoding=\"async\" class=\"alignnone size-full wp-image-16183\" src=\"http:\/\/ostrowska.tv\/wp-content\/uploads\/2021\/08\/20210809_082245-01.jpeg\" alt=\"\" width=\"1366\" height=\"749\" srcset=\"https:\/\/ostrowskatv.pl\/wp-content\/uploads\/2021\/08\/20210809_082245-01.jpeg 1366w, https:\/\/ostrowskatv.pl\/wp-content\/uploads\/2021\/08\/20210809_082245-01-300x164.jpeg 300w, https:\/\/ostrowskatv.pl\/wp-content\/uploads\/2021\/08\/20210809_082245-01-640x351.jpeg 640w\" sizes=\"auto, (max-width: 1366px) 100vw, 1366px\" \/><\/p>\n","protected":false},"excerpt":{"rendered":"Oko\u0142o 30-40-letni rowerzysta zosta\u0142 powa\u017cnie potr\u0105cony przez samoch\u00f3d ci\u0119\u017carowy. Dozna\u0142 licznych uraz\u00f3w m. in. ko\u0144czyn dolnych, r\u0119ki i jest podejrzenie urazu miednicy.\u00a0 M\u0119\u017cczyzna \n<a class=\"moretag\" href=\"https:\/\/ostrowskatv.pl\/?p=16176\"> [...]<\/a>","protected":false},"author":1,"featured_media":16178,"comment_status":"open","ping_status":"closed","sticky":false,"template":"","format":"standard","meta":{"footnotes":""},"categories":[1],"tags":[11],"class_list":["post-16176","post","type-post","status-publish","format-standard","has-post-thumbnail","hentry","category-news","tag-wypadek"],"_links":{"self":[{"href":"https:\/\/ostrowskatv.pl\/index.php?rest_route=\/wp\/v2\/posts\/16176","targetHints":{"allow":["GET"]}}],"collection":[{"href":"https:\/\/ostrowskatv.pl\/index.php?rest_route=\/wp\/v2\/posts"}],"about":[{"href":"https:\/\/ostrowskatv.pl\/index.php?rest_route=\/wp\/v2\/types\/post"}],"author":[{"embeddable":true,"href":"https:\/\/ostrowskatv.pl\/index.php?rest_route=\/wp\/v2\/users\/1"}],"replies":[{"embeddable":true,"href":"https:\/\/ostrowskatv.pl\/index.php?rest_route=%2Fwp%2Fv2%2Fcomments&post=16176"}],"version-history":[{"count":0,"href":"https:\/\/ostrowskatv.pl\/index.php?rest_route=\/wp\/v2\/posts\/16176\/revisions"}],"wp:featuredmedia":[{"embeddable":true,"href":"https:\/\/ostrowskatv.pl\/index.php?rest_route=\/wp\/v2\/media\/16178"}],"wp:attachment":[{"href":"https:\/\/ostrowskatv.pl\/index.php?rest_route=%2Fwp%2Fv2%2Fmedia&parent=16176"}],"wp:term":[{"taxonomy":"category","embeddable":true,"href":"https:\/\/ostrowskatv.pl\/index.php?rest_route=%2Fwp%2Fv2%2Fcategories&post=16176"},{"taxonomy":"post_tag","embeddable":true,"href":"https:\/\/ostrowskatv.pl\/index.php?rest_route=%2Fwp%2Fv2%2Ftags&post=16176"}],"curies":[{"name":"wp","href":"https:\/\/api.w.org\/{rel}","templated":true}]}}