{"id":1612,"date":"2016-06-08T09:41:44","date_gmt":"2016-06-08T08:41:44","guid":{"rendered":"http:\/\/ostrowska.tv\/?p=1612"},"modified":"2016-06-08T20:31:10","modified_gmt":"2016-06-08T19:31:10","slug":"pozar-poddasza-w-nowych-skalmierzycach","status":"publish","type":"post","link":"https:\/\/ostrowskatv.pl\/?p=1612","title":{"rendered":"Po\u017car poddasza w Nowych Skalmierzycach (wideo)"},"content":{"rendered":"<p><strong>W Nowych Skalmierzycach przy ulicy 3-go Maja dosz\u0142o do po\u017caru poddasza w budynku wielorodzinnym. Wydarzenie mia\u0142o miejsce w \u015brod\u0119 przed godzin\u0105 10:00. Na miejscu b\u0142yskawicznie pojawi\u0142y si\u0119 jednostki stra\u017cy po\u017carnej. <\/strong><\/p>\n<p>Z budynku bardzo d\u0142ugo wydobywa\u0142y si\u0119 k\u0142\u0119by dymu. Stra\u017cacy szybko zdo\u0142ali jednak ewakuowa\u0107 wszystkich mieszka\u0144c\u00f3w i zlokalizowali \u017ar\u00f3d\u0142o po\u017caru. Nikomu nic powa\u017cnego si\u0119 nie sta\u0142o. Obecnie trwa dogaszanie po\u017caru, a tak\u017ce poszukiwanie dw\u00f3ch kotk\u00f3w, kt\u00f3re mog\u0105 jeszcze przebywa\u0107 w \u015brodku.<\/p>\n<div id='gallery-1' class='gallery galleryid-1612 gallery-columns-3 gallery-size-thumbnail'><figure class='gallery-item'>\n\t\t\t<div class='gallery-icon landscape'>\n\t\t\t\t<a href='https:\/\/ostrowskatv.pl\/?attachment_id=1617'><img loading=\"lazy\" decoding=\"async\" width=\"150\" height=\"150\" src=\"https:\/\/ostrowskatv.pl\/wp-content\/uploads\/2016\/06\/skalmierzyce-pozar-1-150x150.jpg\" class=\"attachment-thumbnail size-thumbnail\" alt=\"\" \/><\/a>\n\t\t\t<\/div><\/figure><figure class='gallery-item'>\n\t\t\t<div class='gallery-icon landscape'>\n\t\t\t\t<a href='https:\/\/ostrowskatv.pl\/?attachment_id=1616'><img loading=\"lazy\" decoding=\"async\" width=\"150\" height=\"150\" src=\"https:\/\/ostrowskatv.pl\/wp-content\/uploads\/2016\/06\/skalmierzyce-pozar3-1-150x150.png\" class=\"attachment-thumbnail size-thumbnail\" alt=\"\" \/><\/a>\n\t\t\t<\/div><\/figure><figure class='gallery-item'>\n\t\t\t<div class='gallery-icon portrait'>\n\t\t\t\t<a href='https:\/\/ostrowskatv.pl\/?attachment_id=1614'><img loading=\"lazy\" decoding=\"async\" width=\"150\" height=\"150\" src=\"https:\/\/ostrowskatv.pl\/wp-content\/uploads\/2016\/06\/skalmierzyce-pozar2.jpg-150x150.png\" class=\"attachment-thumbnail size-thumbnail\" alt=\"\" \/><\/a>\n\t\t\t<\/div><\/figure>\n\t\t<\/div>\n\n<p><iframe loading=\"lazy\" width=\"480\" height=\"360\" src=\"https:\/\/www.youtube.com\/embed\/hhnt9KB3U_0\" frameborder=\"0\" allowfullscreen><\/iframe><\/p>\n","protected":false},"excerpt":{"rendered":"W Nowych Skalmierzycach przy ulicy 3-go Maja dosz\u0142o do po\u017caru poddasza w budynku wielorodzinnym. Wydarzenie mia\u0142o miejsce w \u015brod\u0119 przed godzin\u0105 10:00. Na \n<a class=\"moretag\" href=\"https:\/\/ostrowskatv.pl\/?p=1612\"> [...]<\/a>","protected":false},"author":1,"featured_media":1616,"comment_status":"open","ping_status":"open","sticky":false,"template":"","format":"standard","meta":{"footnotes":""},"categories":[1],"tags":[61],"class_list":["post-1612","post","type-post","status-publish","format-standard","has-post-thumbnail","hentry","category-news","tag-nowe-skalmierzyce"],"_links":{"self":[{"href":"https:\/\/ostrowskatv.pl\/index.php?rest_route=\/wp\/v2\/posts\/1612","targetHints":{"allow":["GET"]}}],"collection":[{"href":"https:\/\/ostrowskatv.pl\/index.php?rest_route=\/wp\/v2\/posts"}],"about":[{"href":"https:\/\/ostrowskatv.pl\/index.php?rest_route=\/wp\/v2\/types\/post"}],"author":[{"embeddable":true,"href":"https:\/\/ostrowskatv.pl\/index.php?rest_route=\/wp\/v2\/users\/1"}],"replies":[{"embeddable":true,"href":"https:\/\/ostrowskatv.pl\/index.php?rest_route=%2Fwp%2Fv2%2Fcomments&post=1612"}],"version-history":[{"count":0,"href":"https:\/\/ostrowskatv.pl\/index.php?rest_route=\/wp\/v2\/posts\/1612\/revisions"}],"wp:featuredmedia":[{"embeddable":true,"href":"https:\/\/ostrowskatv.pl\/index.php?rest_route=\/wp\/v2\/media\/1616"}],"wp:attachment":[{"href":"https:\/\/ostrowskatv.pl\/index.php?rest_route=%2Fwp%2Fv2%2Fmedia&parent=1612"}],"wp:term":[{"taxonomy":"category","embeddable":true,"href":"https:\/\/ostrowskatv.pl\/index.php?rest_route=%2Fwp%2Fv2%2Fcategories&post=1612"},{"taxonomy":"post_tag","embeddable":true,"href":"https:\/\/ostrowskatv.pl\/index.php?rest_route=%2Fwp%2Fv2%2Ftags&post=1612"}],"curies":[{"name":"wp","href":"https:\/\/api.w.org\/{rel}","templated":true}]}}