{"id":16091,"date":"2021-08-03T15:26:16","date_gmt":"2021-08-03T14:26:16","guid":{"rendered":"http:\/\/ostrowska.tv\/?p=16091"},"modified":"2021-08-03T15:26:16","modified_gmt":"2021-08-03T14:26:16","slug":"odnalezli-tchorza-z-bmw","status":"publish","type":"post","link":"https:\/\/ostrowskatv.pl\/?p=16091","title":{"rendered":"Odnale\u017ali tch\u00f3rza z BMW"},"content":{"rendered":"<p><strong>Informacja o kierowcy BMW, kt\u00f3ry 3 dni temu spowodowa\u0142 kolizj\u0119 i uciek\u0142, doprowadzi\u0142a do jego namierzenia. Uszkodzony samoch\u00f3d znajdowa\u0142 si\u0119 na obrze\u017cach Ostrowa Wielkopolskiego.\u00a0<\/strong><\/p>\n<p>W niedziel\u0119 kierowca BMW jad\u0105c ulic\u0105 Raszkowsk\u0105 chcia\u0142 skr\u0119ci\u0107 w lewo w Alej\u0119 S\u0142owackiego. Na zakr\u0119cie pojecha\u0142 zbyt szeroko i z\u0142ama\u0142 u podstawy s\u0142upek. Kierowca nie wzi\u0105\u0142 odpowiedzialno\u015bci za sw\u00f3j czyn i szybko odjecha\u0142.<\/p>\n<p>Pubpilacjw o tym zdarzeniu spowodowa\u0142a, \u017ce mieszka\u0144cy zacz\u0119li rozgl\u0105da\u0107 si\u0119 za uszkodzonym samochodem na charakterystycznych blachach PKA.<\/p>\n<p>We wtorek rano ostrowska policja otrzyma\u0142a informacja, \u017ce takie auto stoi zaparkowane przy skrzy\u017cowaniu ulic Topolowej i Owsianej w Ostrowie Wielkopolskim. I faktycznie pod drzewkiem, przy p\u0142ocie pojazd oczekiwa\u0142 najprawdopodobniej na napraw\u0119.<\/p>\n<p>Policjanci przeprowadzili ogl\u0119dziny zamkni\u0119tego auta. Uszkodzenie przodu auta pasuje do wspomnianej kolizji. Auto wygl\u0105da identycznie jak to, kt\u00f3re bra\u0142o udzia\u0142 w kolizji.<\/p>\n<p>Teraz wydzia\u0142 wykrocze\u0144 zaprosi w\u0142a\u015bciciela na rozmow\u0119 i poprosi o wyja\u015bnienia. Kierowcy grozi mandat za spowodowanie kolizji w wymiarze 250-500 z\u0142, 6 punkt\u00f3w karnych oraz naprawa uszkodzonego mienia z w\u0142asnych pieni\u0119dzy z powodu oddalenia si\u0119.<\/p>\n<p><img loading=\"lazy\" decoding=\"async\" class=\"alignnone size-full wp-image-16092\" src=\"http:\/\/ostrowska.tv\/wp-content\/uploads\/2021\/08\/20210803_110144-01.jpeg\" alt=\"\" width=\"1365\" height=\"479\" srcset=\"https:\/\/ostrowskatv.pl\/wp-content\/uploads\/2021\/08\/20210803_110144-01.jpeg 1365w, https:\/\/ostrowskatv.pl\/wp-content\/uploads\/2021\/08\/20210803_110144-01-300x105.jpeg 300w, https:\/\/ostrowskatv.pl\/wp-content\/uploads\/2021\/08\/20210803_110144-01-640x225.jpeg 640w\" sizes=\"auto, (max-width: 1365px) 100vw, 1365px\" \/> <img loading=\"lazy\" decoding=\"async\" class=\"alignnone size-full wp-image-16093\" src=\"http:\/\/ostrowska.tv\/wp-content\/uploads\/2021\/08\/20210803_105318-01.jpeg\" alt=\"\" width=\"1366\" height=\"615\" srcset=\"https:\/\/ostrowskatv.pl\/wp-content\/uploads\/2021\/08\/20210803_105318-01.jpeg 1366w, https:\/\/ostrowskatv.pl\/wp-content\/uploads\/2021\/08\/20210803_105318-01-300x135.jpeg 300w, https:\/\/ostrowskatv.pl\/wp-content\/uploads\/2021\/08\/20210803_105318-01-640x288.jpeg 640w\" sizes=\"auto, (max-width: 1366px) 100vw, 1366px\" \/> <img loading=\"lazy\" decoding=\"async\" class=\"alignnone size-full wp-image-16094\" src=\"http:\/\/ostrowska.tv\/wp-content\/uploads\/2021\/08\/20210803_103915-01.jpeg\" alt=\"\" width=\"1366\" height=\"615\" srcset=\"https:\/\/ostrowskatv.pl\/wp-content\/uploads\/2021\/08\/20210803_103915-01.jpeg 1366w, https:\/\/ostrowskatv.pl\/wp-content\/uploads\/2021\/08\/20210803_103915-01-300x135.jpeg 300w, https:\/\/ostrowskatv.pl\/wp-content\/uploads\/2021\/08\/20210803_103915-01-640x288.jpeg 640w\" sizes=\"auto, (max-width: 1366px) 100vw, 1366px\" \/> <img loading=\"lazy\" decoding=\"async\" class=\"alignnone size-full wp-image-16095\" src=\"http:\/\/ostrowska.tv\/wp-content\/uploads\/2021\/08\/20210803_103831-01.jpeg\" alt=\"\" width=\"1366\" height=\"625\" srcset=\"https:\/\/ostrowskatv.pl\/wp-content\/uploads\/2021\/08\/20210803_103831-01.jpeg 1366w, https:\/\/ostrowskatv.pl\/wp-content\/uploads\/2021\/08\/20210803_103831-01-300x137.jpeg 300w, https:\/\/ostrowskatv.pl\/wp-content\/uploads\/2021\/08\/20210803_103831-01-640x293.jpeg 640w\" sizes=\"auto, (max-width: 1366px) 100vw, 1366px\" \/> <img loading=\"lazy\" decoding=\"async\" class=\"alignnone size-full wp-image-16096\" src=\"http:\/\/ostrowska.tv\/wp-content\/uploads\/2021\/08\/20210803_103839-01.jpeg\" alt=\"\" width=\"1366\" height=\"615\" srcset=\"https:\/\/ostrowskatv.pl\/wp-content\/uploads\/2021\/08\/20210803_103839-01.jpeg 1366w, https:\/\/ostrowskatv.pl\/wp-content\/uploads\/2021\/08\/20210803_103839-01-300x135.jpeg 300w, https:\/\/ostrowskatv.pl\/wp-content\/uploads\/2021\/08\/20210803_103839-01-640x288.jpeg 640w\" sizes=\"auto, (max-width: 1366px) 100vw, 1366px\" \/> <img loading=\"lazy\" decoding=\"async\" class=\"alignnone size-full wp-image-16097\" src=\"http:\/\/ostrowska.tv\/wp-content\/uploads\/2021\/08\/20210803_103853-01.jpeg\" alt=\"\" width=\"1366\" height=\"615\" srcset=\"https:\/\/ostrowskatv.pl\/wp-content\/uploads\/2021\/08\/20210803_103853-01.jpeg 1366w, https:\/\/ostrowskatv.pl\/wp-content\/uploads\/2021\/08\/20210803_103853-01-300x135.jpeg 300w, https:\/\/ostrowskatv.pl\/wp-content\/uploads\/2021\/08\/20210803_103853-01-640x288.jpeg 640w\" sizes=\"auto, (max-width: 1366px) 100vw, 1366px\" \/><\/p>\n","protected":false},"excerpt":{"rendered":"Informacja o kierowcy BMW, kt\u00f3ry 3 dni temu spowodowa\u0142 kolizj\u0119 i uciek\u0142, doprowadzi\u0142a do jego namierzenia. Uszkodzony samoch\u00f3d znajdowa\u0142 si\u0119 na obrze\u017cach Ostrowa \n<a class=\"moretag\" href=\"https:\/\/ostrowskatv.pl\/?p=16091\"> [...]<\/a>","protected":false},"author":1,"featured_media":16092,"comment_status":"open","ping_status":"closed","sticky":false,"template":"","format":"standard","meta":{"footnotes":""},"categories":[1],"tags":[48],"class_list":["post-16091","post","type-post","status-publish","format-standard","has-post-thumbnail","hentry","category-news","tag-kolizja"],"_links":{"self":[{"href":"https:\/\/ostrowskatv.pl\/index.php?rest_route=\/wp\/v2\/posts\/16091","targetHints":{"allow":["GET"]}}],"collection":[{"href":"https:\/\/ostrowskatv.pl\/index.php?rest_route=\/wp\/v2\/posts"}],"about":[{"href":"https:\/\/ostrowskatv.pl\/index.php?rest_route=\/wp\/v2\/types\/post"}],"author":[{"embeddable":true,"href":"https:\/\/ostrowskatv.pl\/index.php?rest_route=\/wp\/v2\/users\/1"}],"replies":[{"embeddable":true,"href":"https:\/\/ostrowskatv.pl\/index.php?rest_route=%2Fwp%2Fv2%2Fcomments&post=16091"}],"version-history":[{"count":0,"href":"https:\/\/ostrowskatv.pl\/index.php?rest_route=\/wp\/v2\/posts\/16091\/revisions"}],"wp:featuredmedia":[{"embeddable":true,"href":"https:\/\/ostrowskatv.pl\/index.php?rest_route=\/wp\/v2\/media\/16092"}],"wp:attachment":[{"href":"https:\/\/ostrowskatv.pl\/index.php?rest_route=%2Fwp%2Fv2%2Fmedia&parent=16091"}],"wp:term":[{"taxonomy":"category","embeddable":true,"href":"https:\/\/ostrowskatv.pl\/index.php?rest_route=%2Fwp%2Fv2%2Fcategories&post=16091"},{"taxonomy":"post_tag","embeddable":true,"href":"https:\/\/ostrowskatv.pl\/index.php?rest_route=%2Fwp%2Fv2%2Ftags&post=16091"}],"curies":[{"name":"wp","href":"https:\/\/api.w.org\/{rel}","templated":true}]}}