{"id":16084,"date":"2021-08-02T20:03:06","date_gmt":"2021-08-02T19:03:06","guid":{"rendered":"http:\/\/ostrowska.tv\/?p=16084"},"modified":"2021-08-02T20:03:22","modified_gmt":"2021-08-02T19:03:22","slug":"kolejny-pozar-tego-samego-pustostanu","status":"publish","type":"post","link":"https:\/\/ostrowskatv.pl\/?p=16084","title":{"rendered":"Kolejny po\u017car tego samego pustostanu"},"content":{"rendered":"<p><strong>Do kolejnego po\u017caru w pustostanie dosz\u0142o po 6 miesi\u0105cach. Mowa o opuszczonym budynku przy ulicy Sk\u0142adowej, w kt\u00f3rym najprawdopodobniej przebywaj\u0105 osoby bezdomne. <\/strong><\/p>\n<p>Zadymienie zauwa\u017cono oko\u0142o godziny 17. Na miejsce wys\u0142ano najpierw w\u00f3z ga\u015bniczy, podno\u015bnik oraz patrol policji. Po pewnej chwili dojecha\u0142 drugi w\u00f3z ga\u015bniczy. Stra\u017cacy po ugaszeniu ognia, zacz\u0119li przeszukiwa\u0107 zadymione pomieszczenia pod k\u0105tem ewentualnych os\u00f3b poszkodowanych. Tym razem nikogo wewn\u0105trz nie by\u0142o. <\/p>\n<p>Na tym dzia\u0142ania stra\u017cak\u00f3w zako\u0144czy\u0142y si\u0119 <\/p>\n<p><img loading=\"lazy\" decoding=\"async\" src=\"http:\/\/ostrowska.tv\/wp-content\/uploads\/2021\/08\/20210802_172156-01.jpeg\" alt=\"\" width=\"1366\" height=\"615\" class=\"alignnone size-full wp-image-16085\" srcset=\"https:\/\/ostrowskatv.pl\/wp-content\/uploads\/2021\/08\/20210802_172156-01.jpeg 1366w, https:\/\/ostrowskatv.pl\/wp-content\/uploads\/2021\/08\/20210802_172156-01-300x135.jpeg 300w, https:\/\/ostrowskatv.pl\/wp-content\/uploads\/2021\/08\/20210802_172156-01-640x288.jpeg 640w\" sizes=\"auto, (max-width: 1366px) 100vw, 1366px\" \/><\/p>\n<p><img loading=\"lazy\" decoding=\"async\" src=\"http:\/\/ostrowska.tv\/wp-content\/uploads\/2021\/08\/20210802_172149-01.jpeg\" alt=\"\" width=\"1366\" height=\"615\" class=\"alignnone size-full wp-image-16086\" srcset=\"https:\/\/ostrowskatv.pl\/wp-content\/uploads\/2021\/08\/20210802_172149-01.jpeg 1366w, https:\/\/ostrowskatv.pl\/wp-content\/uploads\/2021\/08\/20210802_172149-01-300x135.jpeg 300w, https:\/\/ostrowskatv.pl\/wp-content\/uploads\/2021\/08\/20210802_172149-01-640x288.jpeg 640w\" sizes=\"auto, (max-width: 1366px) 100vw, 1366px\" \/><\/p>\n<p><img loading=\"lazy\" decoding=\"async\" src=\"http:\/\/ostrowska.tv\/wp-content\/uploads\/2021\/08\/20210802_172145-01.jpeg\" alt=\"\" width=\"1366\" height=\"654\" class=\"alignnone size-full wp-image-16087\" srcset=\"https:\/\/ostrowskatv.pl\/wp-content\/uploads\/2021\/08\/20210802_172145-01.jpeg 1366w, https:\/\/ostrowskatv.pl\/wp-content\/uploads\/2021\/08\/20210802_172145-01-300x144.jpeg 300w, https:\/\/ostrowskatv.pl\/wp-content\/uploads\/2021\/08\/20210802_172145-01-640x306.jpeg 640w\" sizes=\"auto, (max-width: 1366px) 100vw, 1366px\" \/><\/p>\n","protected":false},"excerpt":{"rendered":"Do kolejnego po\u017caru w pustostanie dosz\u0142o po 6 miesi\u0105cach. Mowa o opuszczonym budynku przy ulicy Sk\u0142adowej, w kt\u00f3rym najprawdopodobniej przebywaj\u0105 osoby bezdomne. Zadymienie \n<a class=\"moretag\" href=\"https:\/\/ostrowskatv.pl\/?p=16084\"> [...]<\/a>","protected":false},"author":1,"featured_media":16088,"comment_status":"open","ping_status":"closed","sticky":false,"template":"","format":"standard","meta":{"footnotes":""},"categories":[1],"tags":[7],"class_list":["post-16084","post","type-post","status-publish","format-standard","has-post-thumbnail","hentry","category-news","tag-pozar"],"_links":{"self":[{"href":"https:\/\/ostrowskatv.pl\/index.php?rest_route=\/wp\/v2\/posts\/16084","targetHints":{"allow":["GET"]}}],"collection":[{"href":"https:\/\/ostrowskatv.pl\/index.php?rest_route=\/wp\/v2\/posts"}],"about":[{"href":"https:\/\/ostrowskatv.pl\/index.php?rest_route=\/wp\/v2\/types\/post"}],"author":[{"embeddable":true,"href":"https:\/\/ostrowskatv.pl\/index.php?rest_route=\/wp\/v2\/users\/1"}],"replies":[{"embeddable":true,"href":"https:\/\/ostrowskatv.pl\/index.php?rest_route=%2Fwp%2Fv2%2Fcomments&post=16084"}],"version-history":[{"count":0,"href":"https:\/\/ostrowskatv.pl\/index.php?rest_route=\/wp\/v2\/posts\/16084\/revisions"}],"wp:featuredmedia":[{"embeddable":true,"href":"https:\/\/ostrowskatv.pl\/index.php?rest_route=\/wp\/v2\/media\/16088"}],"wp:attachment":[{"href":"https:\/\/ostrowskatv.pl\/index.php?rest_route=%2Fwp%2Fv2%2Fmedia&parent=16084"}],"wp:term":[{"taxonomy":"category","embeddable":true,"href":"https:\/\/ostrowskatv.pl\/index.php?rest_route=%2Fwp%2Fv2%2Fcategories&post=16084"},{"taxonomy":"post_tag","embeddable":true,"href":"https:\/\/ostrowskatv.pl\/index.php?rest_route=%2Fwp%2Fv2%2Ftags&post=16084"}],"curies":[{"name":"wp","href":"https:\/\/api.w.org\/{rel}","templated":true}]}}