{"id":16068,"date":"2021-08-02T00:38:43","date_gmt":"2021-08-01T23:38:43","guid":{"rendered":"http:\/\/ostrowska.tv\/?p=16068"},"modified":"2021-08-02T07:52:02","modified_gmt":"2021-08-02T06:52:02","slug":"zabojstwo-na-ogrodkach-dzialkowych","status":"publish","type":"post","link":"https:\/\/ostrowskatv.pl\/?p=16068","title":{"rendered":"Zab\u00f3jstwo na ogr\u00f3dkach (aktualizacja)"},"content":{"rendered":"<p><strong>W niedziel\u0119 przed godzin\u0105 21 zg\u0142oszono zab\u00f3jstwo na terenie ogrod\u00f3w dzia\u0142kowych. Kilkadziesiat cios\u00f3w no\u017cem otrzyma\u0142 43-letni m\u0119\u017cczyzna. <\/strong><\/p>\n<p>Cia\u0142o odkryto na ogrodach dzia\u0142kowych przy ulicy Wierzbowej w Pleszewie. Z nieoficjalnych informacji wynika, \u017ce 43-letni m\u0119\u017cczyzna przebywa\u0142 w domku na dzia\u0142ce. Tam mia\u0142 pojawi\u0107 si\u0119 m. in. 17-latek, kt\u00f3ry podejrzewany jest o udzia\u0142 w zbrodni. Bezpo\u015brednio po zdarzeniu podejrzany oddali\u0142 si\u0119 samochodem BMW.<\/p>\n<p>Od osoby znaj\u0105cej kulisy sprawy dowiedzieli\u015bmy si\u0119, \u017ce sprawca najpierw uderzy\u0142 ofiar\u0119 kamieniem w g\u0142ow\u0119, a nast\u0119pnie zada\u0142 ciosy no\u017cem. Wed\u0142ug tego samego \u017ar\u00f3d\u0142a zabity mia\u0142 by\u0107 ojczymem dla sprawcy. Powodem mia\u0142y by\u0107 d\u0142ugotrwale z\u0142e relacje pomi\u0119dzy nimi.<\/p>\n<p><strong>Aktualizacja<\/strong><\/p>\n<p>Jak poda\u0142a policja, do sprawy zatrzymano dw\u00f3ch m\u0119\u017cczyzn w wieku 17 i 20 lat oraz 26-letni\u0105 kobiet\u0119. Wszyscy s\u0105 mieszka\u0144cami Pleszewa.<\/p>\n<p><img loading=\"lazy\" decoding=\"async\" class=\"alignnone size-full wp-image-16069\" src=\"http:\/\/ostrowska.tv\/wp-content\/uploads\/2021\/08\/20210801_232508-01.jpeg\" alt=\"\" width=\"1366\" height=\"690\" srcset=\"https:\/\/ostrowskatv.pl\/wp-content\/uploads\/2021\/08\/20210801_232508-01.jpeg 1366w, https:\/\/ostrowskatv.pl\/wp-content\/uploads\/2021\/08\/20210801_232508-01-300x152.jpeg 300w, https:\/\/ostrowskatv.pl\/wp-content\/uploads\/2021\/08\/20210801_232508-01-640x323.jpeg 640w\" sizes=\"auto, (max-width: 1366px) 100vw, 1366px\" \/> <img loading=\"lazy\" decoding=\"async\" class=\"alignnone size-full wp-image-16070\" src=\"http:\/\/ostrowska.tv\/wp-content\/uploads\/2021\/08\/20210801_233303-01.jpeg\" alt=\"\" width=\"1366\" height=\"641\" srcset=\"https:\/\/ostrowskatv.pl\/wp-content\/uploads\/2021\/08\/20210801_233303-01.jpeg 1366w, https:\/\/ostrowskatv.pl\/wp-content\/uploads\/2021\/08\/20210801_233303-01-300x141.jpeg 300w, https:\/\/ostrowskatv.pl\/wp-content\/uploads\/2021\/08\/20210801_233303-01-640x300.jpeg 640w\" sizes=\"auto, (max-width: 1366px) 100vw, 1366px\" \/> <img loading=\"lazy\" decoding=\"async\" class=\"alignnone size-full wp-image-16071\" src=\"http:\/\/ostrowska.tv\/wp-content\/uploads\/2021\/08\/20210801_234816-01.jpeg\" alt=\"\" width=\"1366\" height=\"666\" srcset=\"https:\/\/ostrowskatv.pl\/wp-content\/uploads\/2021\/08\/20210801_234816-01.jpeg 1366w, https:\/\/ostrowskatv.pl\/wp-content\/uploads\/2021\/08\/20210801_234816-01-300x146.jpeg 300w, https:\/\/ostrowskatv.pl\/wp-content\/uploads\/2021\/08\/20210801_234816-01-640x312.jpeg 640w\" sizes=\"auto, (max-width: 1366px) 100vw, 1366px\" \/> <img loading=\"lazy\" decoding=\"async\" class=\"alignnone size-full wp-image-16072\" src=\"http:\/\/ostrowska.tv\/wp-content\/uploads\/2021\/08\/20210802_000617-01.jpeg\" alt=\"\" width=\"1366\" height=\"615\" srcset=\"https:\/\/ostrowskatv.pl\/wp-content\/uploads\/2021\/08\/20210802_000617-01.jpeg 1366w, https:\/\/ostrowskatv.pl\/wp-content\/uploads\/2021\/08\/20210802_000617-01-300x135.jpeg 300w, https:\/\/ostrowskatv.pl\/wp-content\/uploads\/2021\/08\/20210802_000617-01-640x288.jpeg 640w\" sizes=\"auto, (max-width: 1366px) 100vw, 1366px\" \/> <img loading=\"lazy\" decoding=\"async\" class=\"alignnone size-full wp-image-16073\" src=\"http:\/\/ostrowska.tv\/wp-content\/uploads\/2021\/08\/20210802_003329-01.jpeg\" alt=\"\" width=\"1366\" height=\"665\" srcset=\"https:\/\/ostrowskatv.pl\/wp-content\/uploads\/2021\/08\/20210802_003329-01.jpeg 1366w, https:\/\/ostrowskatv.pl\/wp-content\/uploads\/2021\/08\/20210802_003329-01-300x146.jpeg 300w, https:\/\/ostrowskatv.pl\/wp-content\/uploads\/2021\/08\/20210802_003329-01-640x312.jpeg 640w\" sizes=\"auto, (max-width: 1366px) 100vw, 1366px\" \/> <img loading=\"lazy\" decoding=\"async\" class=\"alignnone size-full wp-image-16074\" src=\"http:\/\/ostrowska.tv\/wp-content\/uploads\/2021\/08\/20210802_004813-01.jpeg\" alt=\"\" width=\"1366\" height=\"615\" srcset=\"https:\/\/ostrowskatv.pl\/wp-content\/uploads\/2021\/08\/20210802_004813-01.jpeg 1366w, https:\/\/ostrowskatv.pl\/wp-content\/uploads\/2021\/08\/20210802_004813-01-300x135.jpeg 300w, https:\/\/ostrowskatv.pl\/wp-content\/uploads\/2021\/08\/20210802_004813-01-640x288.jpeg 640w\" sizes=\"auto, (max-width: 1366px) 100vw, 1366px\" \/><\/p>\n","protected":false},"excerpt":{"rendered":"W niedziel\u0119 przed godzin\u0105 21 zg\u0142oszono zab\u00f3jstwo na terenie ogrod\u00f3w dzia\u0142kowych. Kilkadziesiat cios\u00f3w no\u017cem otrzyma\u0142 43-letni m\u0119\u017cczyzna. Cia\u0142o odkryto na ogrodach dzia\u0142kowych przy \n<a class=\"moretag\" href=\"https:\/\/ostrowskatv.pl\/?p=16068\"> [...]<\/a>","protected":false},"author":1,"featured_media":16074,"comment_status":"open","ping_status":"closed","sticky":false,"template":"","format":"standard","meta":{"footnotes":""},"categories":[1],"tags":[],"class_list":["post-16068","post","type-post","status-publish","format-standard","has-post-thumbnail","hentry","category-news"],"_links":{"self":[{"href":"https:\/\/ostrowskatv.pl\/index.php?rest_route=\/wp\/v2\/posts\/16068","targetHints":{"allow":["GET"]}}],"collection":[{"href":"https:\/\/ostrowskatv.pl\/index.php?rest_route=\/wp\/v2\/posts"}],"about":[{"href":"https:\/\/ostrowskatv.pl\/index.php?rest_route=\/wp\/v2\/types\/post"}],"author":[{"embeddable":true,"href":"https:\/\/ostrowskatv.pl\/index.php?rest_route=\/wp\/v2\/users\/1"}],"replies":[{"embeddable":true,"href":"https:\/\/ostrowskatv.pl\/index.php?rest_route=%2Fwp%2Fv2%2Fcomments&post=16068"}],"version-history":[{"count":0,"href":"https:\/\/ostrowskatv.pl\/index.php?rest_route=\/wp\/v2\/posts\/16068\/revisions"}],"wp:featuredmedia":[{"embeddable":true,"href":"https:\/\/ostrowskatv.pl\/index.php?rest_route=\/wp\/v2\/media\/16074"}],"wp:attachment":[{"href":"https:\/\/ostrowskatv.pl\/index.php?rest_route=%2Fwp%2Fv2%2Fmedia&parent=16068"}],"wp:term":[{"taxonomy":"category","embeddable":true,"href":"https:\/\/ostrowskatv.pl\/index.php?rest_route=%2Fwp%2Fv2%2Fcategories&post=16068"},{"taxonomy":"post_tag","embeddable":true,"href":"https:\/\/ostrowskatv.pl\/index.php?rest_route=%2Fwp%2Fv2%2Ftags&post=16068"}],"curies":[{"name":"wp","href":"https:\/\/api.w.org\/{rel}","templated":true}]}}