{"id":16051,"date":"2021-08-01T14:27:36","date_gmt":"2021-08-01T13:27:36","guid":{"rendered":"http:\/\/ostrowska.tv\/?p=16051"},"modified":"2021-08-01T14:29:00","modified_gmt":"2021-08-01T13:29:00","slug":"jutro-ma-urodziny-dzis-rozbil-dwa-auta-i-wydmuchal-konkretny-wynik","status":"publish","type":"post","link":"https:\/\/ostrowskatv.pl\/?p=16051","title":{"rendered":"Jutro ma urodziny. Dzi\u015b rozbi\u0142 dwa auta i wydmucha\u0142 konkretny wynik"},"content":{"rendered":"<p><strong>Deszczowa pogoda powoduje, \u017ce wi\u0119cej os\u00f3b wsiada za k\u00f3\u0142ko, nawet kiedy s\u0105 pijani. Jednym z czarnych bohater\u00f3w jest kierowca peugeota 307, kt\u00f3ry uszkodzi\u0142 forda kug\u0119.<\/strong><\/p>\n<p>Kierowca peugeota jecha\u0142 od strony Kalisza i skr\u0119ca\u0142 w lewo w ulic\u0119 Konopnickiej. Nie ust\u0105pi\u0142 pierwsze\u0144stwa fordowi jad\u0105cemu od strony przepompowni. Bordowy samoch\u00f3d wpad\u0142 na chodnik, gdzie wyrwa\u0142 s\u0142up od sygnalizatora. <\/p>\n<p>Na miejsce wezwano karetk\u0119 pogotowia ratunkowego, ale medycy nie stwierdzili obra\u017ce\u0144 u \u017cadnego z uczestnik\u00f3w. Do akcji wkroczyli policjanci, kt\u00f3rzy standardowo chcieli zbada\u0107 trze\u017awo\u015b\u0107. <\/p>\n<p>Najpierw mia\u0142 dmuchn\u0105\u0107 sprawca z peugeota. Zamiast kilkusekundowego dmuchni\u0119cia, m\u0142ody m\u0119\u017cczyzna chuchn\u0105\u0142, co nie pozwoli\u0142o na zbadanie ilo\u015bci alkoholu. Policjant zdecydowanie zakomunikowa\u0142, \u017ceby nie kombinowa\u0142 i konkretnie dmuchn\u0105\u0142. Ju\u017c po chwili wy\u015bwietlacz pokaza\u0142 1.6 promila. <\/p>\n<p>Pijany sprawca najprawdopodobniej rozpocznie jutrzejsze 25. urodziny od pobudki w policyjnej izbie zatrzyma\u0144. Spowodowane jest to konieczno\u015bci\u0105 wytrze\u017awienia przed wykonaniem czynno\u015bci przes\u0142uchania. <\/p>\n<p>Oko\u0142o dw\u00f3ch godzin wcze\u015bniej zosta\u0142 zatrzymany na ulicy Krotoszy\u0144skiej kierowca daewoo Matiza. Ten wydmucha\u0142 prawie 2 promile. <\/p>\n<p>Z kar dla pijanych kierowc\u00f3w nale\u017cy pami\u0119ta\u0107 o konieczno\u015bci zap\u0142aty od 5 do 60 tys. z\u0142. Nie ominie go grzywna uzale\u017cniona od dochod\u00f3w. Zas\u0105dzony zostanie co najmniej 3-letni zakaz prowadzenia pojazd\u00f3w oraz mo\u017cliw\u0105 kara ograniczenia wolno\u015bci. Kierowca straci\u0142 te\u017c uszkadzaj\u0105c sw\u00f3j samoch\u00f3d. Zap\u0142aci tak\u017ce za uszkodzenie drugiego auta i infrastruktury drogowej.<\/p>\n<p><img loading=\"lazy\" decoding=\"async\" class=\"alignnone size-full wp-image-16054\" src=\"http:\/\/ostrowska.tv\/wp-content\/uploads\/2021\/08\/20210801_134047-01.jpeg\" alt=\"\" width=\"1366\" height=\"697\" srcset=\"https:\/\/ostrowskatv.pl\/wp-content\/uploads\/2021\/08\/20210801_134047-01.jpeg 1366w, https:\/\/ostrowskatv.pl\/wp-content\/uploads\/2021\/08\/20210801_134047-01-300x153.jpeg 300w, https:\/\/ostrowskatv.pl\/wp-content\/uploads\/2021\/08\/20210801_134047-01-640x327.jpeg 640w\" sizes=\"auto, (max-width: 1366px) 100vw, 1366px\" \/><\/p>\n<p><img loading=\"lazy\" decoding=\"async\" class=\"alignnone size-full wp-image-16055\" src=\"http:\/\/ostrowska.tv\/wp-content\/uploads\/2021\/08\/20210801_134239-01.jpeg\" alt=\"\" width=\"1340\" height=\"1080\" srcset=\"https:\/\/ostrowskatv.pl\/wp-content\/uploads\/2021\/08\/20210801_134239-01.jpeg 1340w, https:\/\/ostrowskatv.pl\/wp-content\/uploads\/2021\/08\/20210801_134239-01-300x242.jpeg 300w, https:\/\/ostrowskatv.pl\/wp-content\/uploads\/2021\/08\/20210801_134239-01-447x360.jpeg 447w\" sizes=\"auto, (max-width: 1340px) 100vw, 1340px\" \/><\/p>\n<p><img loading=\"lazy\" decoding=\"async\" class=\"alignnone size-full wp-image-16056\" src=\"http:\/\/ostrowska.tv\/wp-content\/uploads\/2021\/08\/20210801_134031-01.jpeg\" alt=\"\" width=\"615\" height=\"1366\" srcset=\"https:\/\/ostrowskatv.pl\/wp-content\/uploads\/2021\/08\/20210801_134031-01.jpeg 615w, https:\/\/ostrowskatv.pl\/wp-content\/uploads\/2021\/08\/20210801_134031-01-135x300.jpeg 135w, https:\/\/ostrowskatv.pl\/wp-content\/uploads\/2021\/08\/20210801_134031-01-162x360.jpeg 162w\" sizes=\"auto, (max-width: 615px) 100vw, 615px\" \/><\/p>\n<p><img loading=\"lazy\" decoding=\"async\" class=\"alignnone size-full wp-image-16057\" src=\"http:\/\/ostrowska.tv\/wp-content\/uploads\/2021\/08\/20210801_134018-01.jpeg\" alt=\"\" width=\"1366\" height=\"705\" srcset=\"https:\/\/ostrowskatv.pl\/wp-content\/uploads\/2021\/08\/20210801_134018-01.jpeg 1366w, https:\/\/ostrowskatv.pl\/wp-content\/uploads\/2021\/08\/20210801_134018-01-300x155.jpeg 300w, https:\/\/ostrowskatv.pl\/wp-content\/uploads\/2021\/08\/20210801_134018-01-640x330.jpeg 640w\" sizes=\"auto, (max-width: 1366px) 100vw, 1366px\" \/><\/p>\n<p><img loading=\"lazy\" decoding=\"async\" class=\"alignnone size-full wp-image-16058\" src=\"http:\/\/ostrowska.tv\/wp-content\/uploads\/2021\/08\/20210801_133850-01.jpeg\" alt=\"\" width=\"1366\" height=\"659\" srcset=\"https:\/\/ostrowskatv.pl\/wp-content\/uploads\/2021\/08\/20210801_133850-01.jpeg 1366w, https:\/\/ostrowskatv.pl\/wp-content\/uploads\/2021\/08\/20210801_133850-01-300x145.jpeg 300w, https:\/\/ostrowskatv.pl\/wp-content\/uploads\/2021\/08\/20210801_133850-01-640x309.jpeg 640w\" sizes=\"auto, (max-width: 1366px) 100vw, 1366px\" \/><\/p>\n<p><img loading=\"lazy\" decoding=\"async\" class=\"alignnone size-full wp-image-16059\" src=\"http:\/\/ostrowska.tv\/wp-content\/uploads\/2021\/08\/20210801_134902-01.jpeg\" alt=\"\" width=\"1366\" height=\"615\" srcset=\"https:\/\/ostrowskatv.pl\/wp-content\/uploads\/2021\/08\/20210801_134902-01.jpeg 1366w, https:\/\/ostrowskatv.pl\/wp-content\/uploads\/2021\/08\/20210801_134902-01-300x135.jpeg 300w, https:\/\/ostrowskatv.pl\/wp-content\/uploads\/2021\/08\/20210801_134902-01-640x288.jpeg 640w\" sizes=\"auto, (max-width: 1366px) 100vw, 1366px\" \/><\/p>\n<p><img loading=\"lazy\" decoding=\"async\" class=\"alignnone size-full wp-image-16060\" src=\"http:\/\/ostrowska.tv\/wp-content\/uploads\/2021\/08\/20210801_134817-01.jpeg\" alt=\"\" width=\"1366\" height=\"615\" srcset=\"https:\/\/ostrowskatv.pl\/wp-content\/uploads\/2021\/08\/20210801_134817-01.jpeg 1366w, https:\/\/ostrowskatv.pl\/wp-content\/uploads\/2021\/08\/20210801_134817-01-300x135.jpeg 300w, https:\/\/ostrowskatv.pl\/wp-content\/uploads\/2021\/08\/20210801_134817-01-640x288.jpeg 640w\" sizes=\"auto, (max-width: 1366px) 100vw, 1366px\" \/><\/p>\n<p><img loading=\"lazy\" decoding=\"async\" class=\"alignnone size-full wp-image-16052\" src=\"http:\/\/ostrowska.tv\/wp-content\/uploads\/2021\/08\/20210801_121311-01.jpeg\" alt=\"\" width=\"1366\" height=\"656\" srcset=\"https:\/\/ostrowskatv.pl\/wp-content\/uploads\/2021\/08\/20210801_121311-01.jpeg 1366w, https:\/\/ostrowskatv.pl\/wp-content\/uploads\/2021\/08\/20210801_121311-01-300x144.jpeg 300w, https:\/\/ostrowskatv.pl\/wp-content\/uploads\/2021\/08\/20210801_121311-01-640x307.jpeg 640w\" sizes=\"auto, (max-width: 1366px) 100vw, 1366px\" \/><\/p>\n","protected":false},"excerpt":{"rendered":"Deszczowa pogoda powoduje, \u017ce wi\u0119cej os\u00f3b wsiada za k\u00f3\u0142ko, nawet kiedy s\u0105 pijani. Jednym z czarnych bohater\u00f3w jest kierowca peugeota 307, kt\u00f3ry uszkodzi\u0142 \n<a class=\"moretag\" href=\"https:\/\/ostrowskatv.pl\/?p=16051\"> [...]<\/a>","protected":false},"author":1,"featured_media":16058,"comment_status":"open","ping_status":"closed","sticky":false,"template":"","format":"standard","meta":{"footnotes":""},"categories":[1],"tags":[4],"class_list":["post-16051","post","type-post","status-publish","format-standard","has-post-thumbnail","hentry","category-news","tag-alkohol"],"_links":{"self":[{"href":"https:\/\/ostrowskatv.pl\/index.php?rest_route=\/wp\/v2\/posts\/16051","targetHints":{"allow":["GET"]}}],"collection":[{"href":"https:\/\/ostrowskatv.pl\/index.php?rest_route=\/wp\/v2\/posts"}],"about":[{"href":"https:\/\/ostrowskatv.pl\/index.php?rest_route=\/wp\/v2\/types\/post"}],"author":[{"embeddable":true,"href":"https:\/\/ostrowskatv.pl\/index.php?rest_route=\/wp\/v2\/users\/1"}],"replies":[{"embeddable":true,"href":"https:\/\/ostrowskatv.pl\/index.php?rest_route=%2Fwp%2Fv2%2Fcomments&post=16051"}],"version-history":[{"count":0,"href":"https:\/\/ostrowskatv.pl\/index.php?rest_route=\/wp\/v2\/posts\/16051\/revisions"}],"wp:featuredmedia":[{"embeddable":true,"href":"https:\/\/ostrowskatv.pl\/index.php?rest_route=\/wp\/v2\/media\/16058"}],"wp:attachment":[{"href":"https:\/\/ostrowskatv.pl\/index.php?rest_route=%2Fwp%2Fv2%2Fmedia&parent=16051"}],"wp:term":[{"taxonomy":"category","embeddable":true,"href":"https:\/\/ostrowskatv.pl\/index.php?rest_route=%2Fwp%2Fv2%2Fcategories&post=16051"},{"taxonomy":"post_tag","embeddable":true,"href":"https:\/\/ostrowskatv.pl\/index.php?rest_route=%2Fwp%2Fv2%2Ftags&post=16051"}],"curies":[{"name":"wp","href":"https:\/\/api.w.org\/{rel}","templated":true}]}}