{"id":1605,"date":"2016-06-07T20:44:40","date_gmt":"2016-06-07T19:44:40","guid":{"rendered":"http:\/\/ostrowska.tv\/?p=1605"},"modified":"2016-06-07T21:16:22","modified_gmt":"2016-06-07T20:16:22","slug":"w-gorznie-zginal-motocyklista","status":"publish","type":"post","link":"https:\/\/ostrowskatv.pl\/?p=1605","title":{"rendered":"W G\u00f3rznie zgin\u0105\u0142 motocyklista"},"content":{"rendered":"<p>We wtorek w miejscowo\u015bci G\u00f3rzno zgin\u0105\u0142 motocyklista. Ze wst\u0119pnych ustale\u0144 wynika,\u00a0 \u017ce pr\u00f3bowa\u0142 on omin\u0105\u0107 z prawej strony samoch\u00f3d, kt\u00f3ry skr\u0119ca\u0142. Jedno\u015blad jednak uderzy\u0142 w murek znajduj\u0105cy si\u0119 na poboczu. M\u0119\u017cczyzna zgin\u0105\u0142 na miejscu.<\/p>\n<p>Pleszewianin najpierw uderzy\u0142 w mostek, a nastepnie jego cia\u0142o grzmotn\u0119\u0142o w drzewo.<\/p>\n<div id='gallery-1' class='gallery galleryid-1605 gallery-columns-3 gallery-size-thumbnail'><figure class='gallery-item'>\n\t\t\t<div class='gallery-icon landscape'>\n\t\t\t\t<a href='https:\/\/ostrowskatv.pl\/?attachment_id=1608'><img loading=\"lazy\" decoding=\"async\" width=\"150\" height=\"150\" src=\"https:\/\/ostrowskatv.pl\/wp-content\/uploads\/2016\/06\/tmp_26373-gorzno-moto2-1820748967-150x150.jpg\" class=\"attachment-thumbnail size-thumbnail\" alt=\"\" \/><\/a>\n\t\t\t<\/div><\/figure><figure class='gallery-item'>\n\t\t\t<div class='gallery-icon landscape'>\n\t\t\t\t<a href='https:\/\/ostrowskatv.pl\/?attachment_id=1607'><img loading=\"lazy\" decoding=\"async\" width=\"150\" height=\"150\" src=\"https:\/\/ostrowskatv.pl\/wp-content\/uploads\/2016\/06\/tmp_26373-Gorzno-moto1025149828-150x150.jpg\" class=\"attachment-thumbnail size-thumbnail\" alt=\"\" \/><\/a>\n\t\t\t<\/div><\/figure>\n\t\t<\/div>\n\n<p>&nbsp;<\/p>\n<p>&nbsp;<\/p>\n","protected":false},"excerpt":{"rendered":"We wtorek w miejscowo\u015bci G\u00f3rzno zgin\u0105\u0142 motocyklista. Ze wst\u0119pnych ustale\u0144 wynika,\u00a0 \u017ce pr\u00f3bowa\u0142 on omin\u0105\u0107 z prawej strony samoch\u00f3d, kt\u00f3ry skr\u0119ca\u0142. Jedno\u015blad jednak \n<a class=\"moretag\" href=\"https:\/\/ostrowskatv.pl\/?p=1605\"> [...]<\/a>","protected":false},"author":1,"featured_media":1607,"comment_status":"open","ping_status":"open","sticky":false,"template":"","format":"standard","meta":{"footnotes":""},"categories":[1],"tags":[88],"class_list":["post-1605","post","type-post","status-publish","format-standard","has-post-thumbnail","hentry","category-news","tag-gorzno"],"_links":{"self":[{"href":"https:\/\/ostrowskatv.pl\/index.php?rest_route=\/wp\/v2\/posts\/1605","targetHints":{"allow":["GET"]}}],"collection":[{"href":"https:\/\/ostrowskatv.pl\/index.php?rest_route=\/wp\/v2\/posts"}],"about":[{"href":"https:\/\/ostrowskatv.pl\/index.php?rest_route=\/wp\/v2\/types\/post"}],"author":[{"embeddable":true,"href":"https:\/\/ostrowskatv.pl\/index.php?rest_route=\/wp\/v2\/users\/1"}],"replies":[{"embeddable":true,"href":"https:\/\/ostrowskatv.pl\/index.php?rest_route=%2Fwp%2Fv2%2Fcomments&post=1605"}],"version-history":[{"count":0,"href":"https:\/\/ostrowskatv.pl\/index.php?rest_route=\/wp\/v2\/posts\/1605\/revisions"}],"wp:featuredmedia":[{"embeddable":true,"href":"https:\/\/ostrowskatv.pl\/index.php?rest_route=\/wp\/v2\/media\/1607"}],"wp:attachment":[{"href":"https:\/\/ostrowskatv.pl\/index.php?rest_route=%2Fwp%2Fv2%2Fmedia&parent=1605"}],"wp:term":[{"taxonomy":"category","embeddable":true,"href":"https:\/\/ostrowskatv.pl\/index.php?rest_route=%2Fwp%2Fv2%2Fcategories&post=1605"},{"taxonomy":"post_tag","embeddable":true,"href":"https:\/\/ostrowskatv.pl\/index.php?rest_route=%2Fwp%2Fv2%2Ftags&post=1605"}],"curies":[{"name":"wp","href":"https:\/\/api.w.org\/{rel}","templated":true}]}}