{"id":16044,"date":"2021-08-01T13:34:50","date_gmt":"2021-08-01T12:34:50","guid":{"rendered":"http:\/\/ostrowska.tv\/?p=16044"},"modified":"2021-08-01T13:34:50","modified_gmt":"2021-08-01T12:34:50","slug":"oboje-widzieli-zielone-swiatlo-monitoring-rozwiazal-spor","status":"publish","type":"post","link":"https:\/\/ostrowskatv.pl\/?p=16044","title":{"rendered":"Oboje widzieli zielone \u015bwiat\u0142o. Monitoring rozwi\u0105za\u0142 sp\u00f3r"},"content":{"rendered":"<p><strong>Na skrzy\u017cowaniu Alei S\u0142owackiego z ulic\u0105 Raszkowsk\u0105 w Ostrowie Wielkopolskim zderzy\u0142y si\u0119 citroen c3 oraz opel. Kierowcy twierdzili, \u017ce mieli zielone \u015bwiat\u0142o<\/strong>.<\/p>\n<p>Kierowca citroena c3 jecha\u0142 od strony wiaduktu krotoszy\u0144skiego  i zamierza\u0142 skr\u0119ci\u0107 w Alej\u0119 S\u0142owackiego. Od Alei S\u0142owackiego jecha\u0142a Vectra. Zar\u00f3wno kieruj\u0105ca i pasa\u017cer zqrzrkali6sie, \u017ce mieli zielone \u015bwiat\u0142o.<\/p>\n<p>Z pomoc\u0105 przysz\u0142o nagranie z pobliskiego monitoringu. Wynika\u0142o z niego, \u017ce kierowca citroena mia\u0142 zielone \u015bwiat\u0142o. Taki sam kolor mieli kierowcy jad\u0105cy Alej\u0105 S\u0142owackiego i skr\u0119caj\u0105cy w prawo. Tymczasem m\u0142oda kobieta pojecha\u0142a z Alei S\u0142owackiego prosto.<\/p>\n<p>Dzi\u0119ki nagraniu sprawa nie trafi do s\u0105du.<\/p>\n<p><img loading=\"lazy\" decoding=\"async\" src=\"http:\/\/ostrowska.tv\/wp-content\/uploads\/2021\/08\/IMG-20210801-WA0003-01.jpeg\" alt=\"\" width=\"768\" height=\"516\" class=\"alignnone size-full wp-image-16045\" srcset=\"https:\/\/ostrowskatv.pl\/wp-content\/uploads\/2021\/08\/IMG-20210801-WA0003-01.jpeg 768w, https:\/\/ostrowskatv.pl\/wp-content\/uploads\/2021\/08\/IMG-20210801-WA0003-01-300x202.jpeg 300w, https:\/\/ostrowskatv.pl\/wp-content\/uploads\/2021\/08\/IMG-20210801-WA0003-01-536x360.jpeg 536w\" sizes=\"auto, (max-width: 768px) 100vw, 768px\" \/><\/p>\n<p><img loading=\"lazy\" decoding=\"async\" src=\"http:\/\/ostrowska.tv\/wp-content\/uploads\/2021\/08\/IMG-20210801-WA0007-01.jpeg\" alt=\"\" width=\"768\" height=\"1024\" class=\"alignnone size-full wp-image-16046\" srcset=\"https:\/\/ostrowskatv.pl\/wp-content\/uploads\/2021\/08\/IMG-20210801-WA0007-01.jpeg 768w, https:\/\/ostrowskatv.pl\/wp-content\/uploads\/2021\/08\/IMG-20210801-WA0007-01-225x300.jpeg 225w, https:\/\/ostrowskatv.pl\/wp-content\/uploads\/2021\/08\/IMG-20210801-WA0007-01-270x360.jpeg 270w\" sizes=\"auto, (max-width: 768px) 100vw, 768px\" \/><\/p>\n<p><img loading=\"lazy\" decoding=\"async\" src=\"http:\/\/ostrowska.tv\/wp-content\/uploads\/2021\/08\/20210801_122409-01.jpeg\" alt=\"\" width=\"1366\" height=\"615\" class=\"alignnone size-full wp-image-16047\" srcset=\"https:\/\/ostrowskatv.pl\/wp-content\/uploads\/2021\/08\/20210801_122409-01.jpeg 1366w, https:\/\/ostrowskatv.pl\/wp-content\/uploads\/2021\/08\/20210801_122409-01-300x135.jpeg 300w, https:\/\/ostrowskatv.pl\/wp-content\/uploads\/2021\/08\/20210801_122409-01-640x288.jpeg 640w\" sizes=\"auto, (max-width: 1366px) 100vw, 1366px\" \/><\/p>\n<p><img loading=\"lazy\" decoding=\"async\" src=\"http:\/\/ostrowska.tv\/wp-content\/uploads\/2021\/08\/20210801_121542-01.jpeg\" alt=\"\" width=\"1366\" height=\"615\" class=\"alignnone size-full wp-image-16048\" srcset=\"https:\/\/ostrowskatv.pl\/wp-content\/uploads\/2021\/08\/20210801_121542-01.jpeg 1366w, https:\/\/ostrowskatv.pl\/wp-content\/uploads\/2021\/08\/20210801_121542-01-300x135.jpeg 300w, https:\/\/ostrowskatv.pl\/wp-content\/uploads\/2021\/08\/20210801_121542-01-640x288.jpeg 640w\" sizes=\"auto, (max-width: 1366px) 100vw, 1366px\" \/><\/p>\n<p><img loading=\"lazy\" decoding=\"async\" src=\"http:\/\/ostrowska.tv\/wp-content\/uploads\/2021\/08\/20210801_121132-01.jpeg\" alt=\"\" width=\"1366\" height=\"729\" class=\"alignnone size-full wp-image-16049\" srcset=\"https:\/\/ostrowskatv.pl\/wp-content\/uploads\/2021\/08\/20210801_121132-01.jpeg 1366w, https:\/\/ostrowskatv.pl\/wp-content\/uploads\/2021\/08\/20210801_121132-01-300x160.jpeg 300w, https:\/\/ostrowskatv.pl\/wp-content\/uploads\/2021\/08\/20210801_121132-01-640x342.jpeg 640w\" sizes=\"auto, (max-width: 1366px) 100vw, 1366px\" \/><\/p>\n","protected":false},"excerpt":{"rendered":"Na skrzy\u017cowaniu Alei S\u0142owackiego z ulic\u0105 Raszkowsk\u0105 w Ostrowie Wielkopolskim zderzy\u0142y si\u0119 citroen c3 oraz opel. Kierowcy twierdzili, \u017ce mieli zielone \u015bwiat\u0142o. Kierowca \n<a class=\"moretag\" href=\"https:\/\/ostrowskatv.pl\/?p=16044\"> [...]<\/a>","protected":false},"author":1,"featured_media":16049,"comment_status":"open","ping_status":"closed","sticky":false,"template":"","format":"standard","meta":{"footnotes":""},"categories":[1],"tags":[2],"class_list":["post-16044","post","type-post","status-publish","format-standard","has-post-thumbnail","hentry","category-news","tag-ostrow-wielkopolski"],"_links":{"self":[{"href":"https:\/\/ostrowskatv.pl\/index.php?rest_route=\/wp\/v2\/posts\/16044","targetHints":{"allow":["GET"]}}],"collection":[{"href":"https:\/\/ostrowskatv.pl\/index.php?rest_route=\/wp\/v2\/posts"}],"about":[{"href":"https:\/\/ostrowskatv.pl\/index.php?rest_route=\/wp\/v2\/types\/post"}],"author":[{"embeddable":true,"href":"https:\/\/ostrowskatv.pl\/index.php?rest_route=\/wp\/v2\/users\/1"}],"replies":[{"embeddable":true,"href":"https:\/\/ostrowskatv.pl\/index.php?rest_route=%2Fwp%2Fv2%2Fcomments&post=16044"}],"version-history":[{"count":0,"href":"https:\/\/ostrowskatv.pl\/index.php?rest_route=\/wp\/v2\/posts\/16044\/revisions"}],"wp:featuredmedia":[{"embeddable":true,"href":"https:\/\/ostrowskatv.pl\/index.php?rest_route=\/wp\/v2\/media\/16049"}],"wp:attachment":[{"href":"https:\/\/ostrowskatv.pl\/index.php?rest_route=%2Fwp%2Fv2%2Fmedia&parent=16044"}],"wp:term":[{"taxonomy":"category","embeddable":true,"href":"https:\/\/ostrowskatv.pl\/index.php?rest_route=%2Fwp%2Fv2%2Fcategories&post=16044"},{"taxonomy":"post_tag","embeddable":true,"href":"https:\/\/ostrowskatv.pl\/index.php?rest_route=%2Fwp%2Fv2%2Ftags&post=16044"}],"curies":[{"name":"wp","href":"https:\/\/api.w.org\/{rel}","templated":true}]}}