{"id":160,"date":"2016-01-12T15:45:40","date_gmt":"2016-01-12T14:45:40","guid":{"rendered":"http:\/\/ostrowska.tv\/?p=160"},"modified":"2016-01-12T15:45:40","modified_gmt":"2016-01-12T14:45:40","slug":"kon-zamiast-krowy-urbaniak-krytykuje-klimek","status":"publish","type":"post","link":"https:\/\/ostrowskatv.pl\/?p=160","title":{"rendered":"Ko\u0144 zamiast krowy. Urbaniak krytykuje Klimek"},"content":{"rendered":"<p><strong>Min\u0105\u0142 ju\u017c ponad rok odk\u0105d Beata Klimek zosta\u0142a prezydentem Ostrowa Wielkopolskiego. W wyborach samorz\u0105dowych pokona\u0142a Jaros\u0142awa Urbaniaka, kt\u00f3ry teraz bardzo krytycznie ocenia jej rz\u0105dy.<\/strong><\/p>\n<p>&#8211; To by\u0142 rok u\u015bmiechania si\u0119 i poklepywania po plecach. Najbardziej spektakularn\u0105 inwestycj\u0105 w tym czasie by\u0142 remont gabinetu prezydenta miasta. Wszystko zako\u0144czy\u0142o si\u0119 klasycznym zabiegiem marketingowym \u2013 podsumowa\u0142 Jaros\u0142aw Urbaniak.<\/p>\n<p>Zabiegiem marketingowym w ocenie Urbaniaka mia\u0142a by\u0107 decyzja Beaty Klimek o &#8222;likwidacji&#8221; Holdikomu. Wcze\u015bniej w tym temacie g\u0142os zabierali ju\u017c ostrowscy radni, kt\u00f3rzy nie pozostawili na prezydent naszego miasta suchej nitki. Teraz do\u0142\u0105czy\u0142 do nich tak\u017ce Urbaniak. On tak\u017ce ostro krytykuje utworzenie w miejsce Holdikomu nowej sp\u00f3\u0142ki, kt\u00f3r\u0105 jest CRK. &#8211; Bierzemy krow\u0119, zwo\u0142ujemy komisj\u0119, a ta za ogromne pieni\u0105dze robi audyt. P\u00f3\u017aniej kupujemy naklejk\u0119 z napisem ko\u0144 i naklejamy j\u0105 na krow\u0119. W ten spos\u00f3b powstaje ko\u0144. Tak przebiega\u0142a s\u0142ynna likwidacja Holdikomu \u2013 ironizowa\u0142 by\u0142y prezydent Ostrowa Wielkopolskiego.<\/p>\n<p>W jego ocenie Beata Klimek wyda\u0142a ogromne pieni\u0105dze na audyt, a p\u00f3\u017aniej dokona\u0142a tylko zmiany nazwy sp\u00f3\u0142ki. &#8211; Ostatnie zmiany, jakie tam zasz\u0142y, mia\u0142y miejsce jeszcze za czas\u00f3w mojego urz\u0119dowania. Chodzi o obni\u017cenie koszt\u00f3w funkcjonowania Holdikomu. O oszcz\u0119dno\u015bciach na wynagrodzeniach prezes\u00f3w trudno m\u00f3wi\u0107. W tej chwili jest du\u017co wi\u0119cej os\u00f3b na tych stanowiskach w sp\u00f3\u0142kach miejskich ni\u017c w momencie, kiedy ja ko\u0144czy\u0142em prezydentur\u0119 \u2013 doda\u0142 Urbaniak.<\/p>\n<p>Jak oceniaj\u0105 Pa\u0144stwo s\u0142owa by\u0142ego prezydenta? Czy w Ostrowie &#8222;\u017cy\u0142o si\u0119 lepiej&#8221; za kadencji Jaros\u0142awa Urbaniaka? <strong>Zach\u0119camy do dyskusji w komentarzach<\/strong>.<\/p>\n<div style=\"width: 640px;\" class=\"wp-video\"><video class=\"wp-video-shortcode\" id=\"video-160-1\" width=\"640\" height=\"360\" preload=\"metadata\" controls=\"controls\"><source type=\"video\/mp4\" src=\"http:\/\/ostrowska.tv\/wp-content\/uploads\/2016\/01\/urbaniak-o-koniu.mp4?_=1\" \/><a href=\"http:\/\/ostrowska.tv\/wp-content\/uploads\/2016\/01\/urbaniak-o-koniu.mp4\">http:\/\/ostrowska.tv\/wp-content\/uploads\/2016\/01\/urbaniak-o-koniu.mp4<\/a><\/video><\/div>\n","protected":false},"excerpt":{"rendered":"Min\u0105\u0142 ju\u017c ponad rok odk\u0105d Beata Klimek zosta\u0142a prezydentem Ostrowa Wielkopolskiego. W wyborach samorz\u0105dowych pokona\u0142a Jaros\u0142awa Urbaniaka, kt\u00f3ry teraz bardzo krytycznie ocenia jej \n<a class=\"moretag\" href=\"https:\/\/ostrowskatv.pl\/?p=160\"> [...]<\/a>","protected":false},"author":1,"featured_media":161,"comment_status":"open","ping_status":"open","sticky":false,"template":"","format":"standard","meta":{"footnotes":""},"categories":[1],"tags":[24],"class_list":["post-160","post","type-post","status-publish","format-standard","has-post-thumbnail","hentry","category-news","tag-polityka"],"_links":{"self":[{"href":"https:\/\/ostrowskatv.pl\/index.php?rest_route=\/wp\/v2\/posts\/160","targetHints":{"allow":["GET"]}}],"collection":[{"href":"https:\/\/ostrowskatv.pl\/index.php?rest_route=\/wp\/v2\/posts"}],"about":[{"href":"https:\/\/ostrowskatv.pl\/index.php?rest_route=\/wp\/v2\/types\/post"}],"author":[{"embeddable":true,"href":"https:\/\/ostrowskatv.pl\/index.php?rest_route=\/wp\/v2\/users\/1"}],"replies":[{"embeddable":true,"href":"https:\/\/ostrowskatv.pl\/index.php?rest_route=%2Fwp%2Fv2%2Fcomments&post=160"}],"version-history":[{"count":0,"href":"https:\/\/ostrowskatv.pl\/index.php?rest_route=\/wp\/v2\/posts\/160\/revisions"}],"wp:featuredmedia":[{"embeddable":true,"href":"https:\/\/ostrowskatv.pl\/index.php?rest_route=\/wp\/v2\/media\/161"}],"wp:attachment":[{"href":"https:\/\/ostrowskatv.pl\/index.php?rest_route=%2Fwp%2Fv2%2Fmedia&parent=160"}],"wp:term":[{"taxonomy":"category","embeddable":true,"href":"https:\/\/ostrowskatv.pl\/index.php?rest_route=%2Fwp%2Fv2%2Fcategories&post=160"},{"taxonomy":"post_tag","embeddable":true,"href":"https:\/\/ostrowskatv.pl\/index.php?rest_route=%2Fwp%2Fv2%2Ftags&post=160"}],"curies":[{"name":"wp","href":"https:\/\/api.w.org\/{rel}","templated":true}]}}