{"id":15992,"date":"2021-07-27T17:40:38","date_gmt":"2021-07-27T16:40:38","guid":{"rendered":"http:\/\/ostrowska.tv\/?p=15992"},"modified":"2021-07-27T17:40:38","modified_gmt":"2021-07-27T16:40:38","slug":"zderzenie-kuriera-z-handlowcem-oboje-uwazali-ze-sa-bez-winy","status":"publish","type":"post","link":"https:\/\/ostrowskatv.pl\/?p=15992","title":{"rendered":"Zderzenie kuriera z handlowcem. Oboje uwa\u017cali, \u017ce s\u0105 bez winy"},"content":{"rendered":"<p><strong>Na drodze krajowej nr 36 w miejscowo\u015bci \u0141\u0105kociny zderzy\u0142 si\u0119 bus z samochodem osobowym. Wst\u0119pnie obra\u017cenia odnios\u0142a jedna osoba, a ruch na drodze odbywa\u0142 si\u0119 wahad\u0142owo.<\/strong><\/p>\n<p>Kierowca skody fabii, jad\u0105c firmowym samochodem, skr\u0119ca\u0142 w lewo na poblisk\u0105 posesj\u0119. Za nim od strony Krotoszyna jecha\u0142 bus nale\u017c\u0105cy do firmy kurierskiej. Widz\u0105c wolno jad\u0105c\u0105 skod\u0119 postanowi\u0142 j\u0105 wyprzedzi\u0107. <\/p>\n<p>Bus uderzy\u0142 prawym, przednim naro\u017cnikiem w tylne lewe ko\u0142o skody. Osob\u00f3wka wpad\u0142a do rowu i zatrzyma\u0142a si\u0119 na dachu. Bus zosta\u0142 na lewym pasie. <\/p>\n<p>Na miejsce wys\u0142ano karetk\u0119, drog\u00f3wk\u0119 i stra\u017cak\u00f3w z Ostrowa Wielkopolskiego oraz \u0141\u0105kocin i Daniszyna. Pomocy medycznej udzielono m\u0119\u017cczy\u017anie ze skody, kt\u00f3remu krew s\u0105czy\u0142a si\u0119 z okolicy \u0142okcia. <\/p>\n<p>M\u0119\u017cczyzna z osob\u00f3wki by\u0142 przekonany o braku swojej winy. Policjant z drog\u00f3wki pr\u00f3bowa\u0142 mu wyja\u015bni\u0107, ale sprawca szed\u0142 w zaparte. W &#8222;nagrod\u0119&#8221; za nieznajomo\u015b\u0107 przepis\u00f3w funkcjonariusz wstrzyma\u0142 mu uprawnienia, a te mu s\u0105 niezb\u0119dne do codziennej pracy handlowca. <\/p>\n<p>Przypominamy, \u017ce kierowca auta skr\u0119caj\u0105cego w lewo musi si\u0119 upewni\u0107 czy nie jest wyprzedzany. Dotyczy to miejsc poza obr\u0119bem skrzy\u017cowania. Chocia\u017c i czasami na skrzy\u017cowaniach policjanci uznawali win\u0119 skr\u0119caj\u0105cego. <\/p>\n<p><img loading=\"lazy\" decoding=\"async\" src=\"http:\/\/ostrowska.tv\/wp-content\/uploads\/2021\/07\/20210727_173334-01.jpeg\" alt=\"\" width=\"1366\" height=\"775\" class=\"alignnone size-full wp-image-15993\" srcset=\"https:\/\/ostrowskatv.pl\/wp-content\/uploads\/2021\/07\/20210727_173334-01.jpeg 1366w, https:\/\/ostrowskatv.pl\/wp-content\/uploads\/2021\/07\/20210727_173334-01-300x170.jpeg 300w, https:\/\/ostrowskatv.pl\/wp-content\/uploads\/2021\/07\/20210727_173334-01-635x360.jpeg 635w, https:\/\/ostrowskatv.pl\/wp-content\/uploads\/2021\/07\/20210727_173334-01-388x220.jpeg 388w\" sizes=\"auto, (max-width: 1366px) 100vw, 1366px\" \/><\/p>\n<p><img loading=\"lazy\" decoding=\"async\" src=\"http:\/\/ostrowska.tv\/wp-content\/uploads\/2021\/07\/20210727_173914-01.jpeg\" alt=\"\" width=\"1366\" height=\"1025\" class=\"alignnone size-full wp-image-15994\" srcset=\"https:\/\/ostrowskatv.pl\/wp-content\/uploads\/2021\/07\/20210727_173914-01.jpeg 1366w, https:\/\/ostrowskatv.pl\/wp-content\/uploads\/2021\/07\/20210727_173914-01-300x225.jpeg 300w, https:\/\/ostrowskatv.pl\/wp-content\/uploads\/2021\/07\/20210727_173914-01-480x360.jpeg 480w\" sizes=\"auto, (max-width: 1366px) 100vw, 1366px\" \/><\/p>\n<p><img loading=\"lazy\" decoding=\"async\" src=\"http:\/\/ostrowska.tv\/wp-content\/uploads\/2021\/07\/20210727_173348-01.jpeg\" alt=\"\" width=\"1366\" height=\"1025\" class=\"alignnone size-full wp-image-15995\" srcset=\"https:\/\/ostrowskatv.pl\/wp-content\/uploads\/2021\/07\/20210727_173348-01.jpeg 1366w, https:\/\/ostrowskatv.pl\/wp-content\/uploads\/2021\/07\/20210727_173348-01-300x225.jpeg 300w, https:\/\/ostrowskatv.pl\/wp-content\/uploads\/2021\/07\/20210727_173348-01-480x360.jpeg 480w\" sizes=\"auto, (max-width: 1366px) 100vw, 1366px\" \/><\/p>\n<p><img loading=\"lazy\" decoding=\"async\" src=\"http:\/\/ostrowska.tv\/wp-content\/uploads\/2021\/07\/20210727_174143-01.jpeg\" alt=\"\" width=\"1366\" height=\"730\" class=\"alignnone size-full wp-image-15996\" srcset=\"https:\/\/ostrowskatv.pl\/wp-content\/uploads\/2021\/07\/20210727_174143-01.jpeg 1366w, https:\/\/ostrowskatv.pl\/wp-content\/uploads\/2021\/07\/20210727_174143-01-300x160.jpeg 300w, https:\/\/ostrowskatv.pl\/wp-content\/uploads\/2021\/07\/20210727_174143-01-640x342.jpeg 640w\" sizes=\"auto, (max-width: 1366px) 100vw, 1366px\" \/><\/p>\n","protected":false},"excerpt":{"rendered":"Na drodze krajowej nr 36 w miejscowo\u015bci \u0141\u0105kociny zderzy\u0142 si\u0119 bus z samochodem osobowym. Wst\u0119pnie obra\u017cenia odnios\u0142a jedna osoba, a ruch na drodze \n<a class=\"moretag\" href=\"https:\/\/ostrowskatv.pl\/?p=15992\"> [...]<\/a>","protected":false},"author":1,"featured_media":15996,"comment_status":"open","ping_status":"closed","sticky":false,"template":"","format":"standard","meta":{"footnotes":""},"categories":[1],"tags":[11],"class_list":["post-15992","post","type-post","status-publish","format-standard","has-post-thumbnail","hentry","category-news","tag-wypadek"],"_links":{"self":[{"href":"https:\/\/ostrowskatv.pl\/index.php?rest_route=\/wp\/v2\/posts\/15992","targetHints":{"allow":["GET"]}}],"collection":[{"href":"https:\/\/ostrowskatv.pl\/index.php?rest_route=\/wp\/v2\/posts"}],"about":[{"href":"https:\/\/ostrowskatv.pl\/index.php?rest_route=\/wp\/v2\/types\/post"}],"author":[{"embeddable":true,"href":"https:\/\/ostrowskatv.pl\/index.php?rest_route=\/wp\/v2\/users\/1"}],"replies":[{"embeddable":true,"href":"https:\/\/ostrowskatv.pl\/index.php?rest_route=%2Fwp%2Fv2%2Fcomments&post=15992"}],"version-history":[{"count":0,"href":"https:\/\/ostrowskatv.pl\/index.php?rest_route=\/wp\/v2\/posts\/15992\/revisions"}],"wp:featuredmedia":[{"embeddable":true,"href":"https:\/\/ostrowskatv.pl\/index.php?rest_route=\/wp\/v2\/media\/15996"}],"wp:attachment":[{"href":"https:\/\/ostrowskatv.pl\/index.php?rest_route=%2Fwp%2Fv2%2Fmedia&parent=15992"}],"wp:term":[{"taxonomy":"category","embeddable":true,"href":"https:\/\/ostrowskatv.pl\/index.php?rest_route=%2Fwp%2Fv2%2Fcategories&post=15992"},{"taxonomy":"post_tag","embeddable":true,"href":"https:\/\/ostrowskatv.pl\/index.php?rest_route=%2Fwp%2Fv2%2Ftags&post=15992"}],"curies":[{"name":"wp","href":"https:\/\/api.w.org\/{rel}","templated":true}]}}