{"id":15990,"date":"2021-07-27T14:33:37","date_gmt":"2021-07-27T13:33:37","guid":{"rendered":"http:\/\/ostrowska.tv\/?p=15990"},"modified":"2021-07-27T14:33:37","modified_gmt":"2021-07-27T13:33:37","slug":"jak-fuszerka-omal-nie-zamienila-sie-w-tragedie","status":"publish","type":"post","link":"https:\/\/ostrowskatv.pl\/?p=15990","title":{"rendered":"Jak fuszerka omal nie zamieni\u0142a si\u0119 w tragedi\u0119"},"content":{"rendered":"<p><strong>Naderwa\u0142 si\u0119 strop w kamienicy znajduj\u0105cej si\u0119 w centrum Ostrowa Wielkopolskiego. Do zdarzenia dosz\u0142o w poniedzia\u0142ek przy ulicy Partyzanckiej 5. W bramie, kt\u00f3ra prowadzi do podw\u00f3rza naderwa\u0142 si\u0119 spory fragment stropu kamienicy. Tydzie\u0144 temu w tym miejscu bawi\u0142a si\u0119 grupa dzieci w ramach animacji organizowanych na rzecz rewitalizacji \u015br\u00f3dmie\u015bcia.<\/strong><\/p>\n<p>Kamienica nale\u017cy do Miejskiego Zak\u0142adu Gospodarki Mieszkaniowej. Nad miejscem naderwania znajduje si\u0119 lokal zamieszka\u0142y przez rodzic\u00f3w z dzie\u0107mi. W 2017 roku podj\u0119to decyzj\u0119 o wydzieleniu w miejscu dotychczasowej kuchni, cz\u0119\u015b\u0107 \u0142azienkow\u0105. Zamontowano tam m.in. kabin\u0119 prysznicow\u0105.<\/p>\n<p>W\u0105tpliwo\u015bci budzi fakt po\u0142o\u017cenia linoleum zamiast po\u0142o\u017cenia kafelek. Pod nim znajdowa\u0142a si\u0119 p\u0142yta pa\u017adzierzowa. Od tamtego czasu woda zrobi\u0142a swoje i doprowadzi\u0142a do os\u0142abienia drewnianych belek. W najgorszym przypadku ca\u0142a \u0142azienka mog\u0142a spa\u015b\u0107 komu\u015b na g\u0142ow\u0119 lub nawet cz\u0142onkowie rodziny mogli ucierpie\u0107.<\/p>\n<p>Jak informuje prezes MZGM Zenon Musialski, pracownicy sp\u00f3\u0142ki na wniosek mieszka\u0144ca doprowadzili instalacj\u0119 wodn\u0105 w miejscu planowanej \u0142azienki. \u015aciankami dzia\u0142owymi mia\u0142 zajmowa\u0107 si\u0119 lokator. Zenon Musialski stwierdzi\u0107, \u017ce robota zosta\u0142a \u017ale zaprojektowana i wykonana. <\/p>\n<p>Obecnie ekipa MZGM zabezpieczy\u0142a wej\u015bcie do kamienicy i prowadzi prace rozbi\u00f3rkowe. Nast\u0119pnie zostanie wy\u0142oniona firma zewn\u0119trzna, kt\u00f3ra odbuduje zniszczon\u0105 konstrukcj\u0119. <\/p>\n<p>Rodzinie zosta\u0142o zaproponowane mieszkanie w innej lokalizacji. Sp\u00f3\u0142ka MZGM zapewni\u0142a, \u017ce pomo\u017ce przy przeprowadzce.<\/p>\n<p><img loading=\"lazy\" decoding=\"async\" src=\"http:\/\/ostrowska.tv\/wp-content\/uploads\/2021\/07\/20210726_172122-01.jpeg\" alt=\"\" width=\"1025\" height=\"1366\" class=\"alignnone size-full wp-image-15988\" srcset=\"https:\/\/ostrowskatv.pl\/wp-content\/uploads\/2021\/07\/20210726_172122-01.jpeg 1025w, https:\/\/ostrowskatv.pl\/wp-content\/uploads\/2021\/07\/20210726_172122-01-225x300.jpeg 225w, https:\/\/ostrowskatv.pl\/wp-content\/uploads\/2021\/07\/20210726_172122-01-270x360.jpeg 270w\" sizes=\"auto, (max-width: 1025px) 100vw, 1025px\" \/><\/p>\n<p><img loading=\"lazy\" decoding=\"async\" src=\"http:\/\/ostrowska.tv\/wp-content\/uploads\/2021\/07\/20210726_172133-01.jpeg\" alt=\"\" width=\"1025\" height=\"1366\" class=\"alignnone size-full wp-image-15987\" srcset=\"https:\/\/ostrowskatv.pl\/wp-content\/uploads\/2021\/07\/20210726_172133-01.jpeg 1025w, https:\/\/ostrowskatv.pl\/wp-content\/uploads\/2021\/07\/20210726_172133-01-225x300.jpeg 225w, https:\/\/ostrowskatv.pl\/wp-content\/uploads\/2021\/07\/20210726_172133-01-270x360.jpeg 270w\" sizes=\"auto, (max-width: 1025px) 100vw, 1025px\" \/><\/p>\n<p><img loading=\"lazy\" decoding=\"async\" src=\"http:\/\/ostrowska.tv\/wp-content\/uploads\/2021\/07\/20210726_172218-01.jpeg\" alt=\"\" width=\"1366\" height=\"1025\" class=\"alignnone size-full wp-image-15986\" srcset=\"https:\/\/ostrowskatv.pl\/wp-content\/uploads\/2021\/07\/20210726_172218-01.jpeg 1366w, https:\/\/ostrowskatv.pl\/wp-content\/uploads\/2021\/07\/20210726_172218-01-300x225.jpeg 300w, https:\/\/ostrowskatv.pl\/wp-content\/uploads\/2021\/07\/20210726_172218-01-480x360.jpeg 480w\" sizes=\"auto, (max-width: 1366px) 100vw, 1366px\" \/><\/p>\n<p><img loading=\"lazy\" decoding=\"async\" src=\"http:\/\/ostrowska.tv\/wp-content\/uploads\/2021\/07\/20210726_172232-01.jpeg\" alt=\"\" width=\"1366\" height=\"1025\" class=\"alignnone size-full wp-image-15985\" srcset=\"https:\/\/ostrowskatv.pl\/wp-content\/uploads\/2021\/07\/20210726_172232-01.jpeg 1366w, https:\/\/ostrowskatv.pl\/wp-content\/uploads\/2021\/07\/20210726_172232-01-300x225.jpeg 300w, https:\/\/ostrowskatv.pl\/wp-content\/uploads\/2021\/07\/20210726_172232-01-480x360.jpeg 480w\" sizes=\"auto, (max-width: 1366px) 100vw, 1366px\" \/><\/p>\n<p><img loading=\"lazy\" decoding=\"async\" src=\"http:\/\/ostrowska.tv\/wp-content\/uploads\/2021\/07\/20210726_1721032-01.jpeg\" alt=\"\" width=\"1366\" height=\"1025\" class=\"alignnone size-full wp-image-15984\" srcset=\"https:\/\/ostrowskatv.pl\/wp-content\/uploads\/2021\/07\/20210726_1721032-01.jpeg 1366w, https:\/\/ostrowskatv.pl\/wp-content\/uploads\/2021\/07\/20210726_1721032-01-300x225.jpeg 300w, https:\/\/ostrowskatv.pl\/wp-content\/uploads\/2021\/07\/20210726_1721032-01-480x360.jpeg 480w\" sizes=\"auto, (max-width: 1366px) 100vw, 1366px\" \/><\/p>\n","protected":false},"excerpt":{"rendered":"Naderwa\u0142 si\u0119 strop w kamienicy znajduj\u0105cej si\u0119 w centrum Ostrowa Wielkopolskiego. Do zdarzenia dosz\u0142o w poniedzia\u0142ek przy ulicy Partyzanckiej 5. W bramie, kt\u00f3ra \n<a class=\"moretag\" href=\"https:\/\/ostrowskatv.pl\/?p=15990\"> [...]<\/a>","protected":false},"author":1,"featured_media":15989,"comment_status":"open","ping_status":"closed","sticky":false,"template":"","format":"standard","meta":{"footnotes":""},"categories":[1],"tags":[2],"class_list":["post-15990","post","type-post","status-publish","format-standard","has-post-thumbnail","hentry","category-news","tag-ostrow-wielkopolski"],"_links":{"self":[{"href":"https:\/\/ostrowskatv.pl\/index.php?rest_route=\/wp\/v2\/posts\/15990","targetHints":{"allow":["GET"]}}],"collection":[{"href":"https:\/\/ostrowskatv.pl\/index.php?rest_route=\/wp\/v2\/posts"}],"about":[{"href":"https:\/\/ostrowskatv.pl\/index.php?rest_route=\/wp\/v2\/types\/post"}],"author":[{"embeddable":true,"href":"https:\/\/ostrowskatv.pl\/index.php?rest_route=\/wp\/v2\/users\/1"}],"replies":[{"embeddable":true,"href":"https:\/\/ostrowskatv.pl\/index.php?rest_route=%2Fwp%2Fv2%2Fcomments&post=15990"}],"version-history":[{"count":0,"href":"https:\/\/ostrowskatv.pl\/index.php?rest_route=\/wp\/v2\/posts\/15990\/revisions"}],"wp:featuredmedia":[{"embeddable":true,"href":"https:\/\/ostrowskatv.pl\/index.php?rest_route=\/wp\/v2\/media\/15989"}],"wp:attachment":[{"href":"https:\/\/ostrowskatv.pl\/index.php?rest_route=%2Fwp%2Fv2%2Fmedia&parent=15990"}],"wp:term":[{"taxonomy":"category","embeddable":true,"href":"https:\/\/ostrowskatv.pl\/index.php?rest_route=%2Fwp%2Fv2%2Fcategories&post=15990"},{"taxonomy":"post_tag","embeddable":true,"href":"https:\/\/ostrowskatv.pl\/index.php?rest_route=%2Fwp%2Fv2%2Ftags&post=15990"}],"curies":[{"name":"wp","href":"https:\/\/api.w.org\/{rel}","templated":true}]}}