{"id":15978,"date":"2021-07-27T11:08:07","date_gmt":"2021-07-27T10:08:07","guid":{"rendered":"http:\/\/ostrowska.tv\/?p=15978"},"modified":"2021-07-27T11:08:07","modified_gmt":"2021-07-27T10:08:07","slug":"czolowe-zderzenie-w-gorzycach-wielkich-k-tartaku","status":"publish","type":"post","link":"https:\/\/ostrowskatv.pl\/?p=15978","title":{"rendered":"Czo\u0142owe zderzenie w Gorzycach Wielkich k. tartaku"},"content":{"rendered":"<p><strong>Dwa auta zderzy\u0142y si\u0119 w Gorzycach Wielkich pomi\u0119dzy wjazdami do tartaku i sklepu oferuj\u0105cego samochodowe baga\u017cniki. <\/strong><\/p>\n<p>Hyundai getz skr\u0119ca\u0142 do sklepu z cz\u0119\u015bciami motoryzacyjnymi. Od strony centrum Gorzyc jecha\u0142 Peugeot 206. Kierowca Hyundaia \u017ale oceni\u0142 pr\u0119dko\u015b\u0107 peugeota i doprowadzi\u0142 do czo\u0142owego zderzenia. <\/p>\n<p>Kierowca hyundaia uskar\u017ca\u0142 si\u0119 na b\u00f3l w klatce piersiowej, ale po przebadaniu w karetce zosta\u0142 pozostawiony na miejscu zdarzenia. <\/p>\n<p>Nagranie zdarzenia dzi\u0119ki uprzejmo\u015bci firmy Bednarek z Gorzyc Wielkich oferuj\u0105cej m. in. baga\u017cniki do auta. <\/p>\n<p><iframe loading=\"lazy\" title=\"Zderzenie - Gorzyce Wielkie\" width=\"747\" height=\"420\" src=\"https:\/\/www.youtube.com\/embed\/dI_rS5Uh-OE?feature=oembed\" frameborder=\"0\" allow=\"accelerometer; autoplay; clipboard-write; encrypted-media; gyroscope; picture-in-picture; web-share\" referrerpolicy=\"strict-origin-when-cross-origin\" allowfullscreen><\/iframe><\/p>\n<p><img loading=\"lazy\" decoding=\"async\" src=\"http:\/\/ostrowska.tv\/wp-content\/uploads\/2021\/07\/20210727_112954-01.jpeg\" alt=\"\" width=\"1366\" height=\"805\" class=\"alignnone size-full wp-image-15979\" srcset=\"https:\/\/ostrowskatv.pl\/wp-content\/uploads\/2021\/07\/20210727_112954-01.jpeg 1366w, https:\/\/ostrowskatv.pl\/wp-content\/uploads\/2021\/07\/20210727_112954-01-300x177.jpeg 300w, https:\/\/ostrowskatv.pl\/wp-content\/uploads\/2021\/07\/20210727_112954-01-611x360.jpeg 611w\" sizes=\"auto, (max-width: 1366px) 100vw, 1366px\" \/><\/p>\n<p><img loading=\"lazy\" decoding=\"async\" src=\"http:\/\/ostrowska.tv\/wp-content\/uploads\/2021\/07\/20210727_112935-01.jpeg\" alt=\"\" width=\"1366\" height=\"590\" class=\"alignnone size-full wp-image-15980\" srcset=\"https:\/\/ostrowskatv.pl\/wp-content\/uploads\/2021\/07\/20210727_112935-01.jpeg 1366w, https:\/\/ostrowskatv.pl\/wp-content\/uploads\/2021\/07\/20210727_112935-01-300x130.jpeg 300w, https:\/\/ostrowskatv.pl\/wp-content\/uploads\/2021\/07\/20210727_112935-01-640x276.jpeg 640w\" sizes=\"auto, (max-width: 1366px) 100vw, 1366px\" \/><\/p>\n<p><img loading=\"lazy\" decoding=\"async\" src=\"http:\/\/ostrowska.tv\/wp-content\/uploads\/2021\/07\/20210727_112901-01.jpeg\" alt=\"\" width=\"1366\" height=\"781\" class=\"alignnone size-full wp-image-15981\" srcset=\"https:\/\/ostrowskatv.pl\/wp-content\/uploads\/2021\/07\/20210727_112901-01.jpeg 1366w, https:\/\/ostrowskatv.pl\/wp-content\/uploads\/2021\/07\/20210727_112901-01-300x172.jpeg 300w, https:\/\/ostrowskatv.pl\/wp-content\/uploads\/2021\/07\/20210727_112901-01-630x360.jpeg 630w\" sizes=\"auto, (max-width: 1366px) 100vw, 1366px\" \/><\/p>\n","protected":false},"excerpt":{"rendered":"Dwa auta zderzy\u0142y si\u0119 w Gorzycach Wielkich pomi\u0119dzy wjazdami do tartaku i sklepu oferuj\u0105cego samochodowe baga\u017cniki. Hyundai getz skr\u0119ca\u0142 do sklepu z cz\u0119\u015bciami \n<a class=\"moretag\" href=\"https:\/\/ostrowskatv.pl\/?p=15978\"> [...]<\/a>","protected":false},"author":1,"featured_media":15982,"comment_status":"open","ping_status":"closed","sticky":false,"template":"","format":"standard","meta":{"footnotes":""},"categories":[1],"tags":[48,11],"class_list":["post-15978","post","type-post","status-publish","format-standard","has-post-thumbnail","hentry","category-news","tag-kolizja","tag-wypadek"],"_links":{"self":[{"href":"https:\/\/ostrowskatv.pl\/index.php?rest_route=\/wp\/v2\/posts\/15978","targetHints":{"allow":["GET"]}}],"collection":[{"href":"https:\/\/ostrowskatv.pl\/index.php?rest_route=\/wp\/v2\/posts"}],"about":[{"href":"https:\/\/ostrowskatv.pl\/index.php?rest_route=\/wp\/v2\/types\/post"}],"author":[{"embeddable":true,"href":"https:\/\/ostrowskatv.pl\/index.php?rest_route=\/wp\/v2\/users\/1"}],"replies":[{"embeddable":true,"href":"https:\/\/ostrowskatv.pl\/index.php?rest_route=%2Fwp%2Fv2%2Fcomments&post=15978"}],"version-history":[{"count":0,"href":"https:\/\/ostrowskatv.pl\/index.php?rest_route=\/wp\/v2\/posts\/15978\/revisions"}],"wp:featuredmedia":[{"embeddable":true,"href":"https:\/\/ostrowskatv.pl\/index.php?rest_route=\/wp\/v2\/media\/15982"}],"wp:attachment":[{"href":"https:\/\/ostrowskatv.pl\/index.php?rest_route=%2Fwp%2Fv2%2Fmedia&parent=15978"}],"wp:term":[{"taxonomy":"category","embeddable":true,"href":"https:\/\/ostrowskatv.pl\/index.php?rest_route=%2Fwp%2Fv2%2Fcategories&post=15978"},{"taxonomy":"post_tag","embeddable":true,"href":"https:\/\/ostrowskatv.pl\/index.php?rest_route=%2Fwp%2Fv2%2Ftags&post=15978"}],"curies":[{"name":"wp","href":"https:\/\/api.w.org\/{rel}","templated":true}]}}