{"id":15953,"date":"2021-07-24T20:03:49","date_gmt":"2021-07-24T19:03:49","guid":{"rendered":"http:\/\/ostrowska.tv\/?p=15953"},"modified":"2021-07-24T20:03:49","modified_gmt":"2021-07-24T19:03:49","slug":"mercedes-i-volvo-na-rondzie-bankowym-nie-mogli-dojsc-do-porozumienia","status":"publish","type":"post","link":"https:\/\/ostrowskatv.pl\/?p=15953","title":{"rendered":"Mercedes i volvo na Rondzie Bankowym &#8211; nie mogli doj\u015b\u0107 do porozumienia"},"content":{"rendered":"<p>Na Rondzie Bankowym spotkali si\u0119 kierowcy mercedesa i volvo z powiatu ostrzeszowskiego. Obaj wjechali na rondo od strony ulicy Chopina. Kierowca czarnego mercedesa nie zorientowa\u0142 si\u0119, \u017ce opuszczaj\u0105c rondo zmienia pas ruchu. Kierowca volvo jad\u0105c swoim pasem ostatecznie uderzy\u0142 w bok mercedesa.<\/p>\n<p>Po zdarzeniu kierowca mercedesa wysiad\u0142 i ogl\u0105da\u0142 skutek kolizji. Po d\u0142u\u017cszej naradzie panowie wezwali policj\u0119, kt\u00f3ra po rozstrzygn\u0119\u0142a win\u0119 po stronie kierowcy mercedesa.<\/p>\n<p><iframe loading=\"lazy\" title=\"Kierowcy nie mogli doj\u015b\u0107 do porozumienia co do winy - kolizja Rondo Bankowe\" width=\"747\" height=\"420\" src=\"https:\/\/www.youtube.com\/embed\/W25gkFH-Sns?feature=oembed\" frameborder=\"0\" allow=\"accelerometer; autoplay; clipboard-write; encrypted-media; gyroscope; picture-in-picture; web-share\" referrerpolicy=\"strict-origin-when-cross-origin\" allowfullscreen><\/iframe><\/p>\n","protected":false},"excerpt":{"rendered":"Na Rondzie Bankowym spotkali si\u0119 kierowcy mercedesa i volvo z powiatu ostrzeszowskiego. Obaj wjechali na rondo od strony ulicy Chopina. Kierowca czarnego mercedesa \n<a class=\"moretag\" href=\"https:\/\/ostrowskatv.pl\/?p=15953\"> [...]<\/a>","protected":false},"author":1,"featured_media":15952,"comment_status":"open","ping_status":"closed","sticky":false,"template":"","format":"standard","meta":{"footnotes":""},"categories":[1],"tags":[48],"class_list":["post-15953","post","type-post","status-publish","format-standard","has-post-thumbnail","hentry","category-news","tag-kolizja"],"_links":{"self":[{"href":"https:\/\/ostrowskatv.pl\/index.php?rest_route=\/wp\/v2\/posts\/15953","targetHints":{"allow":["GET"]}}],"collection":[{"href":"https:\/\/ostrowskatv.pl\/index.php?rest_route=\/wp\/v2\/posts"}],"about":[{"href":"https:\/\/ostrowskatv.pl\/index.php?rest_route=\/wp\/v2\/types\/post"}],"author":[{"embeddable":true,"href":"https:\/\/ostrowskatv.pl\/index.php?rest_route=\/wp\/v2\/users\/1"}],"replies":[{"embeddable":true,"href":"https:\/\/ostrowskatv.pl\/index.php?rest_route=%2Fwp%2Fv2%2Fcomments&post=15953"}],"version-history":[{"count":0,"href":"https:\/\/ostrowskatv.pl\/index.php?rest_route=\/wp\/v2\/posts\/15953\/revisions"}],"wp:featuredmedia":[{"embeddable":true,"href":"https:\/\/ostrowskatv.pl\/index.php?rest_route=\/wp\/v2\/media\/15952"}],"wp:attachment":[{"href":"https:\/\/ostrowskatv.pl\/index.php?rest_route=%2Fwp%2Fv2%2Fmedia&parent=15953"}],"wp:term":[{"taxonomy":"category","embeddable":true,"href":"https:\/\/ostrowskatv.pl\/index.php?rest_route=%2Fwp%2Fv2%2Fcategories&post=15953"},{"taxonomy":"post_tag","embeddable":true,"href":"https:\/\/ostrowskatv.pl\/index.php?rest_route=%2Fwp%2Fv2%2Ftags&post=15953"}],"curies":[{"name":"wp","href":"https:\/\/api.w.org\/{rel}","templated":true}]}}